{"id":356,"date":"2020-02-01T17:42:52","date_gmt":"2020-02-01T16:42:52","guid":{"rendered":"http:\/\/www.intus-sport.de\/?p=356"},"modified":"2020-02-01T17:42:52","modified_gmt":"2020-02-01T16:42:52","slug":"malmoe-open-mit-intus","status":"publish","type":"post","link":"http:\/\/intus-kiel.de\/?p=356","title":{"rendered":"Malm\u00f6 Open mit InTuS"},"content":{"rendered":"\n<p>Auch in diesem Jahr beginnt der InTuS-Kalender mit den Malm\u00f6 Open. Es ist das gr\u00f6\u00dfte Sportfest Europas f\u00fcr Menschen mit Behinderung mit \u00fcber 2500 Sportlern in 20 verschiedenen Sportarten. <\/p>\n\n\n\n<div class=\"wp-block-image\"><figure class=\"alignleft size-medium\"><img decoding=\"async\" src=\"http:\/\/intus-kiel.de\/httpdocs\/wp-content\/uploads\/2019\/02\/Logo_Lebenshilfe-Kiel-300x95.jpg\" alt=\"\" class=\"wp-image-34\"\/><\/figure><\/div>\n\n\n\n<p>Dank der finanziellen Unterst\u00fctzung der Lebenshilfe OV Kiel und der Landeshauptstadt Kiel kann auch in diesem Jahr eine Delegation des InTuS Netzwerkes nach Malm\u00f6 fahren. <\/p>\n\n\n\n<p>Ziel der Fahrt ist es, neue Kontakte zu kn\u00fcpfen um auch in Kiel Sportveranstaltungen f\u00fcr Menschen mit Behinderung auszurichten. Neben der Vertiefung bestehender Kontakte gilt es insbesondere f\u00fcr die strategische und operative Planung der sportlichen und sportpolitischen Veranstaltungen der im InTuS-Netzwerk kooperierenden Einrichtungen, Vereine und Verb\u00e4nde im Jahr 2020 und 2021.<\/p>\n\n\n\n<p><\/p>\n","protected":false},"excerpt":{"rendered":"<p>Auch in diesem Jahr beginnt der InTuS-Kalender mit den Malm\u00f6 Open. Es ist das gr\u00f6\u00dfte Sportfest Europas f\u00fcr Menschen mit Behinderung mit \u00fcber 2500 Sportlern in 20 verschiedenen Sportarten. Dank der finanziellen Unterst\u00fctzung der Lebenshilfe OV Kiel und der Landeshauptstadt Kiel kann auch in diesem Jahr eine Delegation des InTuS Netzwerkes nach Malm\u00f6 fahren. Ziel [&hellip;]<\/p>\n","protected":false},"author":4,"featured_media":449,"comment_status":"closed","ping_status":"open","sticky":false,"template":"","format":"standard","meta":{"footnotes":""},"categories":[2,3],"tags":[],"class_list":["post-356","post","type-post","status-publish","format-standard","has-post-thumbnail","hentry","category-intus","category-intusinaktion"],"_links":{"self":[{"href":"http:\/\/intus-kiel.de\/index.php?rest_route=\/wp\/v2\/posts\/356","targetHints":{"allow":["GET"]}}],"collection":[{"href":"http:\/\/intus-kiel.de\/index.php?rest_route=\/wp\/v2\/posts"}],"about":[{"href":"http:\/\/intus-kiel.de\/index.php?rest_route=\/wp\/v2\/types\/post"}],"author":[{"embeddable":true,"href":"http:\/\/intus-kiel.de\/index.php?rest_route=\/wp\/v2\/users\/4"}],"replies":[{"embeddable":true,"href":"http:\/\/intus-kiel.de\/index.php?rest_route=%2Fwp%2Fv2%2Fcomments&post=356"}],"version-history":[{"count":0,"href":"http:\/\/intus-kiel.de\/index.php?rest_route=\/wp\/v2\/posts\/356\/revisions"}],"wp:featuredmedia":[{"embeddable":true,"href":"http:\/\/intus-kiel.de\/index.php?rest_route=\/"}],"wp:attachment":[{"href":"http:\/\/intus-kiel.de\/index.php?rest_route=%2Fwp%2Fv2%2Fmedia&parent=356"}],"wp:term":[{"taxonomy":"category","embeddable":true,"href":"http:\/\/intus-kiel.de\/index.php?rest_route=%2Fwp%2Fv2%2Fcategories&post=356"},{"taxonomy":"post_tag","embeddable":true,"href":"http:\/\/intus-kiel.de\/index.php?rest_route=%2Fwp%2Fv2%2Ftags&post=356"}],"curies":[{"name":"wp","href":"https:\/\/api.w.org\/{rel}","templated":true}]}}