{"id":412,"date":"2019-10-26T13:44:17","date_gmt":"2019-10-26T11:44:17","guid":{"rendered":"http:\/\/www.intus-sport.de\/?p=412"},"modified":"2019-10-26T13:44:17","modified_gmt":"2019-10-26T11:44:17","slug":"kirsten-roehl-unterstuetzt-aktiv-als-neue-intus-koordinatorin","status":"publish","type":"post","link":"http:\/\/intus-kiel.de\/?p=412","title":{"rendered":"Kirsten R\u00f6hl unterst\u00fctzt aktiv als neue InTuS Koordinatorin"},"content":{"rendered":"<p>Kiel, 22.10.2019<br \/>\nDas Koordinatoren-Team des InTuS-netzwerkes w\u00e4chst. Auf der heutigen Strategiegruppen-Sitzung des InTuS-Netzwerkes wurde Kirsten R\u00f6hl als neue InTuS-Koordinatorin vorgestellt. Gemeinsam mit dem bisherigen Koordinator Frank Meyer-von T\u00f6rne wird sie sich aktiv f\u00fcr den Ausbau und die Weiterentwicklung des Netzwerkes einsetzten.<br \/>\nKirsten R\u00f6hl ist Mitglied der Lebenshilfe Schleswig-Holstein im Ortsverein Kiel. Sie bringt reichhaltige Erfahrung aus der Mitarbeit im st\u00e4dtischen Beirat f\u00fcr Menschen mit Beeintr\u00e4chtigung und der direkten Arbeit mit beeintr\u00e4chtigten Menschen in das Netzwerk ein. Ihr Hauptanliegen wird die operative Steigerung des Bekanntheitsgrades des InTuS-Netzwerkes in Kiel sein. Es gibt gro\u00dfen Bedarf an inklusiven Angeboten. Kirsten R\u00f6hl wird sich in Zusammenarbeit mit den Sportvereinen, Einrichtungen der Behindertenhilfe und sonstigen Akteuren im InTuS-Netzwerk f\u00fcr die Schaffung neuer Angebote einsetzten.<br \/>\nWir freuen uns \u00fcber die Verst\u00e4rkung und w\u00fcnschen Kirsten R\u00f6hl guten Erfolg.<\/p>\n<div class=\"postie-attachments\"><a href=\"http:\/\/intus-kiel.de\/httpdocs\/?attachment_id=413\"><img loading=\"lazy\" decoding=\"async\" width=\"100\" height=\"100\" class=\"alignnone size-medium wp-image-413\" alt=\"\" src=\"http:\/\/intus-kiel.de\/httpdocs\/wp-content\/uploads\/2019\/10\/image001.gif\"><\/a><\/div>\n","protected":false},"excerpt":{"rendered":"<p>Kiel, 22.10.2019 Das Koordinatoren-Team des InTuS-netzwerkes w\u00e4chst. Auf der heutigen Strategiegruppen-Sitzung des InTuS-Netzwerkes wurde Kirsten R\u00f6hl als neue InTuS-Koordinatorin vorgestellt. Gemeinsam mit dem bisherigen Koordinator Frank Meyer-von T\u00f6rne wird sie sich aktiv f\u00fcr den Ausbau und die Weiterentwicklung des Netzwerkes einsetzten. Kirsten R\u00f6hl ist Mitglied der Lebenshilfe Schleswig-Holstein im Ortsverein Kiel. Sie bringt reichhaltige Erfahrung [&hellip;]<\/p>\n","protected":false},"author":4,"featured_media":0,"comment_status":"closed","ping_status":"open","sticky":false,"template":"","format":"standard","meta":{"footnotes":""},"categories":[4],"tags":[],"class_list":["post-412","post","type-post","status-publish","format-standard","hentry","category-intusintern"],"_links":{"self":[{"href":"http:\/\/intus-kiel.de\/index.php?rest_route=\/wp\/v2\/posts\/412","targetHints":{"allow":["GET"]}}],"collection":[{"href":"http:\/\/intus-kiel.de\/index.php?rest_route=\/wp\/v2\/posts"}],"about":[{"href":"http:\/\/intus-kiel.de\/index.php?rest_route=\/wp\/v2\/types\/post"}],"author":[{"embeddable":true,"href":"http:\/\/intus-kiel.de\/index.php?rest_route=\/wp\/v2\/users\/4"}],"replies":[{"embeddable":true,"href":"http:\/\/intus-kiel.de\/index.php?rest_route=%2Fwp%2Fv2%2Fcomments&post=412"}],"version-history":[{"count":0,"href":"http:\/\/intus-kiel.de\/index.php?rest_route=\/wp\/v2\/posts\/412\/revisions"}],"wp:attachment":[{"href":"http:\/\/intus-kiel.de\/index.php?rest_route=%2Fwp%2Fv2%2Fmedia&parent=412"}],"wp:term":[{"taxonomy":"category","embeddable":true,"href":"http:\/\/intus-kiel.de\/index.php?rest_route=%2Fwp%2Fv2%2Fcategories&post=412"},{"taxonomy":"post_tag","embeddable":true,"href":"http:\/\/intus-kiel.de\/index.php?rest_route=%2Fwp%2Fv2%2Ftags&post=412"}],"curies":[{"name":"wp","href":"https:\/\/api.w.org\/{rel}","templated":true}]}}