{"id":487,"date":"2020-06-08T12:00:00","date_gmt":"2020-06-08T10:00:00","guid":{"rendered":"http:\/\/www.intus-sport.de\/?p=487"},"modified":"2020-06-08T12:00:00","modified_gmt":"2020-06-08T10:00:00","slug":"spendenlauf-2020","status":"publish","type":"post","link":"http:\/\/intus-kiel.de\/?p=487","title":{"rendered":"Spendenlauf 2020"},"content":{"rendered":"\n<p>Unser Mitglied Special Olympics Schleswig-Holstein (SO-SH) setzt Zeichen f\u00fcr die Inklusion. Mit dem Wissen, dass nur Gemeinsamkeit zum Ziel f\u00fchrt. Hierzu soll auch der Spendenlauf 2020 beitragen. Wir bitten Euch, in Euren Vereinen tatkr\u00e4ftig um Unterst\u00fctzung. Nachstehend die Informationen aus der SO-SH Gesch\u00e4ftsstelle:<\/p>\n\n\n\n<p>Liebes SOSH TEAM,<\/p>\n\n\n\n<p>wen es noch nicht erreicht hat: Wir w\u00fcrden uns sehr freuen, wenn ihr beim Special Olympics Spendenlauf AKTIV dabei seid!<\/p>\n\n\n\n<p>Dabei geht es nur zweitrangig ums Spenden \u2013 mehr ums gemeinsame Kilometermachen!<\/p>\n\n\n\n<p>Optionen:<\/p>\n\n\n\n<ol class=\"wp-block-list\"><li>Aktiv Mitmachen (Laufen\/Schwimmen\/Radfahren\/Kanu fahren\/Inline skaten\u2026)<\/li><li>Aktiv Mitmachen + Spenden<\/li><li>Nur Spenden<\/li><\/ol>\n\n\n\n<p>Wie kann ich mitmachen?<\/p>\n\n\n\n<ol class=\"wp-block-list\"><li>Special Olympics SH Shirt anziehen<\/li><li>Startnummer ausdrucken<\/li><li>Loslegen! (an einem Tag deiner Wahl)<\/li><li>Foto von dir oder von deiner Strecke an Mona schicken<\/li><\/ol>\n\n\n\n<figure class=\"wp-block-image size-large\"><img decoding=\"async\" src=\"http:\/\/intus-kiel.de\/httpdocs\/wp-content\/uploads\/2020\/06\/Spendenlauf-Startnummer.png\" alt=\"\" class=\"wp-image-488\"\/><figcaption>Startnummer zum Ausdrucken<\/figcaption><\/figure>\n\n\n\n<p><strong>Noch bis zum 30.06.2020 \u2013 also legt los!! \uf04a<\/strong><br><\/p>\n\n\n\n<p>Weitere Informationen findet ihr unter <a href=\"https:\/\/projekte.specialolympics.de\/spendenlauf-2020\/\">https:\/\/projekte.specialolympics.de\/<\/a><a rel=\"noreferrer noopener\" href=\"https:\/\/projekte.specialolympics.de\/spendenlauf-2020\/\" target=\"_blank\">spendenlauf<\/a><a href=\"https:\/\/projekte.specialolympics.de\/spendenlauf-2020\/\">-2020\/<\/a>. Dort k\u00f6nnt ihr euch sogar auch eine Startnummer und eine Urkunde ausdrucken.<\/p>\n\n\n\n<p>Endlich k\u00f6nnen wir uns und damit auch im Land wieder etwas bewegen!<\/p>\n\n\n\n<p>Wir wollen ein Zeichen setzen: F\u00fcr Gemeinschaft und Inklusion.<\/p>\n\n\n\n<p>Alle Infos findet ihr auch nochmal auf unseren Social Media Kan\u00e4len Facebook und Instagram.<br>Facebook: <a href=\"https:\/\/www.facebook.com\/specialolympics.schleswig.holstein\" target=\"_blank\" rel=\"noreferrer noopener\">https:\/\/www.facebook.com\/specialolympics.schleswig.holstein<\/a><br>Instagram: Special Olympics S-H <a href=\"https:\/\/instagram.com\/special_olympics_sh?igshid=1ua9rhoajsy7i\" target=\"_blank\" rel=\"noreferrer noopener\">https:\/\/instagram.com\/special_olympics_sh?igshid=1ua9rhoajsy7i<\/a><br>Hier wollen wir unbedingt aktiver werden also z\u00e4hlen wir auf Eure Fotos &#x1f60a;<br>Habt ihr noch Fragen? Dann meldet euch gerne unter laufprojekt@sh.specialolympics.de<\/p>\n\n\n\n<p>Nat\u00fcrlich ist auch das Special Olympics Team dabei und schwingt die Beine (und die Corona-Kilos?! &#x1f603; ) \u2013 also SEI DABEI und motiviert am besten noch eure Familie und Freunde auf Abstand mitzulaufen!<\/p>\n\n\n\n<p>Wir w\u00fcrden uns unglaublich \u00fcber eure Unterst\u00fctzung und euren Lauf freuen!<\/p>\n\n\n\n<p>Sportliche Gr\u00fc\u00dfe<br>Mona (Laufprojekt SH) und Janna (Ehrenamtskoordination SH)<\/p>\n","protected":false},"excerpt":{"rendered":"<p>Unser Mitglied Special Olympics Schleswig-Holstein (SO-SH) setzt Zeichen f\u00fcr die Inklusion. Mit dem Wissen, dass nur Gemeinsamkeit zum Ziel f\u00fchrt. Hierzu soll auch der Spendenlauf 2020 beitragen. Wir bitten Euch, in Euren Vereinen tatkr\u00e4ftig um Unterst\u00fctzung. Nachstehend die Informationen aus der SO-SH Gesch\u00e4ftsstelle: Liebes SOSH TEAM, wen es noch nicht erreicht hat: Wir w\u00fcrden uns [&hellip;]<\/p>\n","protected":false},"author":4,"featured_media":489,"comment_status":"closed","ping_status":"open","sticky":false,"template":"","format":"standard","meta":{"footnotes":""},"categories":[6],"tags":[],"class_list":["post-487","post","type-post","status-publish","format-standard","has-post-thumbnail","hentry","category-intuspartner"],"_links":{"self":[{"href":"http:\/\/intus-kiel.de\/index.php?rest_route=\/wp\/v2\/posts\/487","targetHints":{"allow":["GET"]}}],"collection":[{"href":"http:\/\/intus-kiel.de\/index.php?rest_route=\/wp\/v2\/posts"}],"about":[{"href":"http:\/\/intus-kiel.de\/index.php?rest_route=\/wp\/v2\/types\/post"}],"author":[{"embeddable":true,"href":"http:\/\/intus-kiel.de\/index.php?rest_route=\/wp\/v2\/users\/4"}],"replies":[{"embeddable":true,"href":"http:\/\/intus-kiel.de\/index.php?rest_route=%2Fwp%2Fv2%2Fcomments&post=487"}],"version-history":[{"count":0,"href":"http:\/\/intus-kiel.de\/index.php?rest_route=\/wp\/v2\/posts\/487\/revisions"}],"wp:featuredmedia":[{"embeddable":true,"href":"http:\/\/intus-kiel.de\/index.php?rest_route=\/"}],"wp:attachment":[{"href":"http:\/\/intus-kiel.de\/index.php?rest_route=%2Fwp%2Fv2%2Fmedia&parent=487"}],"wp:term":[{"taxonomy":"category","embeddable":true,"href":"http:\/\/intus-kiel.de\/index.php?rest_route=%2Fwp%2Fv2%2Fcategories&post=487"},{"taxonomy":"post_tag","embeddable":true,"href":"http:\/\/intus-kiel.de\/index.php?rest_route=%2Fwp%2Fv2%2Ftags&post=487"}],"curies":[{"name":"wp","href":"https:\/\/api.w.org\/{rel}","templated":true}]}}