{"id":494,"date":"2020-07-18T10:00:00","date_gmt":"2020-07-18T08:00:00","guid":{"rendered":"http:\/\/www.intus-sport.de\/?p=494"},"modified":"2020-07-18T10:00:00","modified_gmt":"2020-07-18T08:00:00","slug":"soenke-lintzen-neuer-sovd-landesgeschaeftsfuehrer","status":"publish","type":"post","link":"http:\/\/intus-kiel.de\/?p=494","title":{"rendered":"S\u00f6nke Lintzen neuer SoVD-Landesgesch\u00e4ftsf\u00fchrer"},"content":{"rendered":"\n<p>S\u00f6nke Lintzen wird auf einstimmigen Beschluss des Landesvorstandes ab sofort die Gesch\u00e4fte des schleswig-holsteinischen Landesverbands des Sozialverband Deutschland (SoVD) f\u00fchren. Der 45-j\u00e4hrige Kieler l\u00f6st Manfred Hamann ab, der den Verband auf eigenen Wunsch verl\u00e4sst.<\/p>\n\n\n\n<div class=\"wp-block-group alignwide\"><div class=\"wp-block-group__inner-container is-layout-flow wp-block-group-is-layout-flow\">\n<div class=\"wp-block-group\"><div class=\"wp-block-group__inner-container is-layout-flow wp-block-group-is-layout-flow\">\n<figure class=\"wp-block-image size-large is-resized\"><img loading=\"lazy\" decoding=\"async\" src=\"http:\/\/intus-kiel.de\/httpdocs\/wp-content\/uploads\/2020\/07\/Soenke-Lintzen-das-neue-Gesicht-im-SoVD_reference_4_3-1024x768.jpg\" alt=\"\" class=\"wp-image-495\" width=\"580\" height=\"435\"\/><figcaption>S\u00f6nke Lintzen \nBild: \u00a92020 KN Online &#8211; Kieler Nachrichten<\/figcaption><\/figure>\n<\/div><\/div>\n<\/div><\/div>\n\n\n\n<p>Im Rahmen eines Pressegespr\u00e4chs am Freitag, 17.07., in der SoVD- Landesgesch\u00e4ftsstelle sagte S\u00f6nke Lintzen: \u201eIch freue mich sehr, die Weiterentwicklung des SoVD Schleswig-Holstein zuk\u00fcnftig in verantwortungsvoller Position mitgestalten zu k\u00f6nnen. Der SoVD ist als starker Partner in sozialen Fragen f\u00fcr die Menschen in unserem Land unverzichtbar. Mit mehr als 160.000 Mitgliedern sind wir der weitaus st\u00e4rkste Einzelverband Schleswig-Holsteins. Diese St\u00e4rke gilt es auszubauen und zum Wohle der Menschen zu nutzen. Dabei werde auch ich mich von den traditionellen Werten des Verbands, insbesondere dem Einsatz f\u00fcr Solidarit\u00e4t und soziale Gerechtigkeit, leiten lassen.\u201c<\/p>\n\n\n\n<p>Die SoVD-Landesvorsitzende Jutta K\u00fchl freute sich, eine \u201erenommierte und \u00fcber die Grenzen Kiels hinaus bekannte Pers\u00f6nlichkeit\u201c f\u00fcr den SoVD gewonnen zu haben. \u201eIn seinen bisherigen beruflichen Stationen hat S\u00f6nke Lintzen bewiesen, dass soziale Themen und das Engagement gegen Benachteiligung und f\u00fcr ein mehr an Teilhabe auf allen gesellschaftlichen Ebenen stets im Mittelpunkt seines Handelns standen. Wir sind davon \u00fcberzeugt, dass er gemeinsam mit dem Landesvorstand, den rund 4.000 ehrenamtlichen Mitarbeiter<em>innen in den Kreis- und Ortsverb\u00e4nden sowie den gut 120 hautamtlichen Mitarbeiter<\/em>innen den SoVD Schleswig-Holstein in eine gute Zukunft f\u00fchren wird\u201c, so K\u00fchl weiter.<\/p>\n\n\n\n<p>S\u00f6nke Lintzen ist gelernter Verwaltungsfachangestellter und hat 28 Jahre Erfahrung in der haupt- und ehrenamtlichen Politik \u2013 unter anderem als Referent in verschiedenen Funktionen beim CDU-Landesverband Schleswig- Holstein. Vor seiner T\u00e4tigkeit f\u00fcr den SoVD leitete S\u00f6nke Lintzen als Mitglied der Gesch\u00e4ftsleitung bei der Stiftung Drachensee den Bereich Qualit\u00e4t und Kommunikation. Ehrenamtlich ist er aktuell unter anderem als Vorsitzender der Kieler Lebenshilfe f\u00fcr Menschen mit geistiger Behinderung engagiert. Er 10 Jahre Mitglied der Kieler Ratsversammlung sowie zeitweise Kreisvertreter des Parit\u00e4tischen Wohlfahrtsverbands und stellvertretender Vorsitzender des Beirates f\u00fcr Menschen mit Behinderungen der Landeshauptstadt Kiel.<\/p>\n\n\n\n<p style=\"font-size:12px\"><em><strong>Quelle:<\/strong> Sozialverband Deutschland, Landesverband Schleswig-Holstein e. V.,  Abteilung Presse- und \u00d6ffentlichkeitsarbeit, Pressemitteilung vom 17.07.2020<\/em><\/p>\n","protected":false},"excerpt":{"rendered":"<p>S\u00f6nke Lintzen wird auf einstimmigen Beschluss des Landesvorstandes ab sofort die Gesch\u00e4fte des schleswig-holsteinischen Landesverbands des Sozialverband Deutschland (SoVD) f\u00fchren. Der 45-j\u00e4hrige Kieler l\u00f6st Manfred Hamann ab, der den Verband auf eigenen Wunsch verl\u00e4sst. Im Rahmen eines Pressegespr\u00e4chs am Freitag, 17.07., in der SoVD- Landesgesch\u00e4ftsstelle sagte S\u00f6nke Lintzen: \u201eIch freue mich sehr, die Weiterentwicklung des [&hellip;]<\/p>\n","protected":false},"author":4,"featured_media":0,"comment_status":"closed","ping_status":"open","sticky":false,"template":"","format":"standard","meta":{"footnotes":""},"categories":[2,5,6],"tags":[],"class_list":["post-494","post","type-post","status-publish","format-standard","hentry","category-intus","category-intusnetzwerk","category-intuspartner"],"_links":{"self":[{"href":"http:\/\/intus-kiel.de\/index.php?rest_route=\/wp\/v2\/posts\/494","targetHints":{"allow":["GET"]}}],"collection":[{"href":"http:\/\/intus-kiel.de\/index.php?rest_route=\/wp\/v2\/posts"}],"about":[{"href":"http:\/\/intus-kiel.de\/index.php?rest_route=\/wp\/v2\/types\/post"}],"author":[{"embeddable":true,"href":"http:\/\/intus-kiel.de\/index.php?rest_route=\/wp\/v2\/users\/4"}],"replies":[{"embeddable":true,"href":"http:\/\/intus-kiel.de\/index.php?rest_route=%2Fwp%2Fv2%2Fcomments&post=494"}],"version-history":[{"count":0,"href":"http:\/\/intus-kiel.de\/index.php?rest_route=\/wp\/v2\/posts\/494\/revisions"}],"wp:attachment":[{"href":"http:\/\/intus-kiel.de\/index.php?rest_route=%2Fwp%2Fv2%2Fmedia&parent=494"}],"wp:term":[{"taxonomy":"category","embeddable":true,"href":"http:\/\/intus-kiel.de\/index.php?rest_route=%2Fwp%2Fv2%2Fcategories&post=494"},{"taxonomy":"post_tag","embeddable":true,"href":"http:\/\/intus-kiel.de\/index.php?rest_route=%2Fwp%2Fv2%2Ftags&post=494"}],"curies":[{"name":"wp","href":"https:\/\/api.w.org\/{rel}","templated":true}]}}