{"id":512,"date":"2020-08-14T20:34:00","date_gmt":"2020-08-14T18:34:00","guid":{"rendered":"http:\/\/www.intus-sport.de\/?p=512"},"modified":"2020-08-14T20:34:00","modified_gmt":"2020-08-14T18:34:00","slug":"werden-sie-inklusionsprofi","status":"publish","type":"post","link":"http:\/\/intus-kiel.de\/?p=512","title":{"rendered":"Werden Sie Inklusionsprofi"},"content":{"rendered":"\n<figure class=\"wp-block-table\"><table><tbody><tr><td><strong>Jetzt Seminarpl\u00e4tze sichern f\u00fcr das zweite Halbjahr 2020<\/strong><\/td><td><\/td><\/tr><\/tbody><\/table><\/figure>\n\n\n\n<div class=\"wp-block-image\"><figure class=\"aligncenter size-large is-resized\"><img loading=\"lazy\" decoding=\"async\" src=\"http:\/\/intus-kiel.de\/httpdocs\/wp-content\/uploads\/2020\/08\/aktion-mensch-headergrafik-kommune.jpg\" alt=\"\" class=\"wp-image-513\" width=\"565\" height=\"111\"\/><\/figure><\/div>\n\n\n\n<figure class=\"wp-block-table\"><table><tbody><tr><td><\/td><td><strong>Liebe Inklusions-Macher*innen,<\/strong><br><br>die Sommerurlaubszeit geht langsam zu Ende und Sie haben sich hoffentlich gut erholt. Stecken Sie nun voller Tatendrang? Dann haben wir genau das Richtige f\u00fcr Sie: Unser Seminarprogramm f\u00fcr das zweite Halbjahr 2020 ist endlich online! Wie Sie sich vorstellen k\u00f6nnen, hatten wir wegen der Corona-Pandemie einiges zu organisieren.<br>\u00a0<br>Wissen weitergeben und Inklusion vorantreiben &#8211; das darf auch in schwierigen Zeiten nicht zu kurz kommen. Deshalb bieten wir Ihnen f\u00fcr das zweite Halbjahr 2020 spannende Fortbildungen an, mit denen Sie Inklusionsprofi werden k\u00f6nnen.<br>\u00a0<br>Los geht es am 17.\/18. September 2020 in W\u00fcrzburg mit unserem Klassiker \u201eNetzwerke entwickeln &amp; Dialoge moderieren\u201c. Hier k\u00f6nnen Sie zusammen mit unseren Referenten Stefan Burkhardt und Frank Liffers einen kritischen und inklusiven Blick auf Ihre Netzwerkarbeit werfen. Au\u00dferdem lernen Sie verschiedene Moderationstechniken kennen und anzuwenden.<br>\u00a0<br>F\u00fcr die Pr\u00e4senzseminare haben wir die Teilnehmer*innenzahlen reduziert, damit die Abstandsregel eingehalten werden kann. Die Referent*innen achten zudem darauf, dass es viel frische Luft und regelm\u00e4\u00dfige Pausen gibt.<br>\u00a0<br>Haben Sie Zeit und Lust? Dann melden Sie sich zu Ihrem gew\u00fcnschten Kurs an. Das Passwort zur Anmeldung lautet:\u00a0<strong>2020inklusion<\/strong><br>Bitte geben Sie weder Link noch Passwort an Dritte weiter.<br>\u00a0<br><a rel=\"noreferrer noopener\" href=\"https:\/\/rdir.inxmail.com\/AktionMensch_Mach3\/d?o00rtw600goc3mbid0000mdy00000000dteqstpj0zxinnmle7y3l60duxu234&amp;utm_source=ki_2020_08_13&amp;utm_medium=e-mail&amp;utm_content=&amp;utm_campaign=kommune&amp;utm_term=MailingID2299404_SendingID235809\" target=\"_blank\"><\/a><a rel=\"noreferrer noopener\" href=\"https:\/\/rdir.inxmail.com\/AktionMensch_Mach3\/d?o00rtw600goc3mbid0000mdy00000000dteqstpj0zxinnmle7y3l60duxu234&amp;utm_source=ki_2020_08_13&amp;utm_medium=e-mail&amp;utm_content=&amp;utm_campaign=kommune&amp;utm_term=MailingID2299404_SendingID235809\" target=\"_blank\"><strong>Zu den Schulungen in 2020<\/strong><\/a>\u00a0<br>Sollten Seminare im Laufe des Jahres nicht wie geplant vor Ort stattfinden k\u00f6nnen, informieren wir Sie sp\u00e4testens zwei Wochen vor Seminarbeginn und bieten digitale Alternativen an.<br>\u00a0<br>Apropos \u2013 kennen Sie schon unsere Webinare? In jeweils anderthalb Stunden lernen Sie online beispielsweise, wie Einfache Sprache dabei hilft, Ihre Texte f\u00fcr eine sehr gro\u00dfe Zielgruppe besser verst\u00e4ndlich zu machen. Oder Sie erfahren etwas \u00fcber die Aktion Mensch-F\u00f6rderprogramme oder die Planung barrierefreier Veranstaltungen.<br>\u00a0<br>Schauen Sie immer mal wieder auf unser Programm. Nach und nach k\u00fcndigen wir die Webinare f\u00fcr Herbst und Winter an.<br>\u00a0<br>Zum Schluss noch ein Fortbildungstipp: St\u00f6bern Sie in unserem\u00a0<a rel=\"noreferrer noopener\" href=\"https:\/\/www.aktion-mensch.de\/kommune-inklusiv\/praxis-handbuch-inklusion.html\" target=\"_blank\"><strong>Praxishandbuch Inklusion<\/strong><\/a>. Dort finden Sie Tipps f\u00fcr Ihre Projektarbeit, Arbeitsbl\u00e4tter, Schritt-f\u00fcr-Schritt-Anleitungen und Erfahrungen aus der Aktion-Mensch-Initiative Kommune Inklusiv.<br>\u00a0<br>\u00a0<br>Herzliche Gr\u00fc\u00dfe aus dem sommerlichen Bonn<br>\u00a0<br>\u00a0<br>Ihr Projektteam\u00a0<strong>Kommune Inklusiv<\/strong><br>\u00a0<br><em>Hinweis: Die \u00dcbernachtungskosten und die Organisation einer Unterkunft tragen Sie selbst. Die Aktion Mensch \u00fcbernimmt die Teilnahmekosten f\u00fcr das Seminar.\u00a0<\/em><\/td><\/tr><\/tbody><\/table><\/figure>\n","protected":false},"excerpt":{"rendered":"<p>Jetzt Seminarpl\u00e4tze sichern f\u00fcr das zweite Halbjahr 2020 Liebe Inklusions-Macher*innen, die Sommerurlaubszeit geht langsam zu Ende und Sie haben sich hoffentlich gut erholt. Stecken Sie nun voller Tatendrang? Dann haben wir genau das Richtige f\u00fcr Sie: Unser Seminarprogramm f\u00fcr das zweite Halbjahr 2020 ist endlich online! Wie Sie sich vorstellen k\u00f6nnen, hatten wir wegen der [&hellip;]<\/p>\n","protected":false},"author":4,"featured_media":0,"comment_status":"closed","ping_status":"closed","sticky":false,"template":"","format":"standard","meta":{"footnotes":""},"categories":[2,6],"tags":[],"class_list":["post-512","post","type-post","status-publish","format-standard","hentry","category-intus","category-intuspartner"],"_links":{"self":[{"href":"http:\/\/intus-kiel.de\/index.php?rest_route=\/wp\/v2\/posts\/512","targetHints":{"allow":["GET"]}}],"collection":[{"href":"http:\/\/intus-kiel.de\/index.php?rest_route=\/wp\/v2\/posts"}],"about":[{"href":"http:\/\/intus-kiel.de\/index.php?rest_route=\/wp\/v2\/types\/post"}],"author":[{"embeddable":true,"href":"http:\/\/intus-kiel.de\/index.php?rest_route=\/wp\/v2\/users\/4"}],"replies":[{"embeddable":true,"href":"http:\/\/intus-kiel.de\/index.php?rest_route=%2Fwp%2Fv2%2Fcomments&post=512"}],"version-history":[{"count":0,"href":"http:\/\/intus-kiel.de\/index.php?rest_route=\/wp\/v2\/posts\/512\/revisions"}],"wp:attachment":[{"href":"http:\/\/intus-kiel.de\/index.php?rest_route=%2Fwp%2Fv2%2Fmedia&parent=512"}],"wp:term":[{"taxonomy":"category","embeddable":true,"href":"http:\/\/intus-kiel.de\/index.php?rest_route=%2Fwp%2Fv2%2Fcategories&post=512"},{"taxonomy":"post_tag","embeddable":true,"href":"http:\/\/intus-kiel.de\/index.php?rest_route=%2Fwp%2Fv2%2Ftags&post=512"}],"curies":[{"name":"wp","href":"https:\/\/api.w.org\/{rel}","templated":true}]}}