{"id":516,"date":"2020-08-20T10:00:00","date_gmt":"2020-08-20T08:00:00","guid":{"rendered":"http:\/\/www.intus-sport.de\/?p=516"},"modified":"2020-08-20T10:00:00","modified_gmt":"2020-08-20T08:00:00","slug":"mitflugtag-verschoben","status":"publish","type":"post","link":"http:\/\/intus-kiel.de\/?p=516","title":{"rendered":"Mitflugtag verschoben!"},"content":{"rendered":"\n<p><strong>FLIEGEN OHNE LIMIT<br>Mitflugtag f\u00fcr Menschen mit und ohne Behinderung\u00a0<span class=\"has-inline-color has-vivid-red-color\">verschoben<\/span><\/strong><\/p>\n\n\n\n<p>Leider findet in diesem Jahr am Flugplatz Kiel-Holtenau der traditionelle Mitflugtag f\u00fcr Menschen mit und ohne Behinderung&nbsp;<strong>nicht&nbsp;<\/strong>statt. Dieser Tag ist zum festen Bestandteil eines inklusiven Angebotes des LSV-Kiel und der Stadt Kiel geworden, daher bedauern wir die Entscheidung, die aufgrund der Corona-Situation getroffen wurde, sehr.<\/p>\n\n\n\n<p>\u201eWir m\u00f6chten allen Menschen, die vom Fliegen tr\u00e4umen, diesen Wunsch erf\u00fcllen\u201c, sagt Ute H\u00f6lscher, die beim LSV-Kiel den Mitflugtag organisiert und zu Mitfl\u00fcgen in einmotorigen Flugzeugen einl\u00e4dt. \u201eAuch blinde Menschen oder Rollstuhlfahrer k\u00f6nnen teilnehmen.\u201c<\/p>\n\n\n\n<p>Ein neuer Termin f\u00fcr den Mitflugtag wird f\u00fcr August 2021 geplant und das genaue Datum wird rechtzeitig bekannt gegeben.<\/p>\n\n\n\n<p>Einzelmitfl\u00fcge k\u00f6nnen derzeit stattfinden, bitte wenden Sie sich an Ute H\u00f6lscher:\u00a0<a href=\"mailto:inklusiv@lsv-kiel.de\">inklusiv@lsv-kiel.de<\/a><\/p>\n\n\n\n<p><span style=\"color:#0006e5\" class=\"has-inline-color\">Luftsportverein Kiel, LSV-Kiel e. V., Boelckestra\u00dfe 100, 24159 Kiel<\/span><\/p>\n\n\n\n<p class=\"has-text-align-center\"><img decoding=\"async\" width=\"62.880000\" height=\"41.040000\" src=\"blob:http:\/\/www.intus-sport.de\/d0731389-2290-4322-97ce-95474d1bf161\" alt=\"page1image20316784\"><\/p>\n","protected":false},"excerpt":{"rendered":"<p>FLIEGEN OHNE LIMITMitflugtag f\u00fcr Menschen mit und ohne Behinderung\u00a0verschoben Leider findet in diesem Jahr am Flugplatz Kiel-Holtenau der traditionelle Mitflugtag f\u00fcr Menschen mit und ohne Behinderung&nbsp;nicht&nbsp;statt. Dieser Tag ist zum festen Bestandteil eines inklusiven Angebotes des LSV-Kiel und der Stadt Kiel geworden, daher bedauern wir die Entscheidung, die aufgrund der Corona-Situation getroffen wurde, sehr. \u201eWir [&hellip;]<\/p>\n","protected":false},"author":4,"featured_media":0,"comment_status":"closed","ping_status":"closed","sticky":false,"template":"","format":"standard","meta":{"footnotes":""},"categories":[5],"tags":[],"class_list":["post-516","post","type-post","status-publish","format-standard","hentry","category-intusnetzwerk"],"_links":{"self":[{"href":"http:\/\/intus-kiel.de\/index.php?rest_route=\/wp\/v2\/posts\/516","targetHints":{"allow":["GET"]}}],"collection":[{"href":"http:\/\/intus-kiel.de\/index.php?rest_route=\/wp\/v2\/posts"}],"about":[{"href":"http:\/\/intus-kiel.de\/index.php?rest_route=\/wp\/v2\/types\/post"}],"author":[{"embeddable":true,"href":"http:\/\/intus-kiel.de\/index.php?rest_route=\/wp\/v2\/users\/4"}],"replies":[{"embeddable":true,"href":"http:\/\/intus-kiel.de\/index.php?rest_route=%2Fwp%2Fv2%2Fcomments&post=516"}],"version-history":[{"count":0,"href":"http:\/\/intus-kiel.de\/index.php?rest_route=\/wp\/v2\/posts\/516\/revisions"}],"wp:attachment":[{"href":"http:\/\/intus-kiel.de\/index.php?rest_route=%2Fwp%2Fv2%2Fmedia&parent=516"}],"wp:term":[{"taxonomy":"category","embeddable":true,"href":"http:\/\/intus-kiel.de\/index.php?rest_route=%2Fwp%2Fv2%2Fcategories&post=516"},{"taxonomy":"post_tag","embeddable":true,"href":"http:\/\/intus-kiel.de\/index.php?rest_route=%2Fwp%2Fv2%2Ftags&post=516"}],"curies":[{"name":"wp","href":"https:\/\/api.w.org\/{rel}","templated":true}]}}