{"id":549,"date":"2021-01-27T14:00:00","date_gmt":"2021-01-27T13:00:00","guid":{"rendered":"http:\/\/www.intus-sport.de\/?p=549"},"modified":"2021-01-27T14:00:00","modified_gmt":"2021-01-27T13:00:00","slug":"michaela-pries-wird-neue-landesbeauftragte","status":"publish","type":"post","link":"http:\/\/intus-kiel.de\/?p=549","title":{"rendered":"Michaela Pries wird neue Landesbeauftragte"},"content":{"rendered":"\n<p>Nach 25 Jahren verdienstvoller Arbeit als Landesbeauftragter f\u00fcr Menschen mit Behinderung in Schleswig-Holstein \u00fcbergibt Prof. Dr. Ulrich Hase sein Amt im April an seine heute frisch gew\u00e4hlte Nachfolgerin Michaela Pries, der wir an dieser Stelle herzlich zur Wahl gratulieren. <\/p>\n\n\n\n<p>Ebenso herzlich danken wir Prof. Dr. Ulrich Hase f\u00fcr seinen langj\u00e4hrigen unerm\u00fcdlichen Einsatz f\u00fcr Menschen mit Behinderungen. Er hat in beispielhafter Weise dieses Amt gepr\u00e4gt. <\/p>\n\n\n\n<p>Seine Pressemitteilung zur Wahl lesen Sie <a rel=\"noreferrer noopener\" href=\"http:\/\/www.ltsh.de\/presseticker\/2021-01\/27\/12-05-40-6bf5\/PI-YBFJBGv1-lt.pdf?fbclid=IwAR3eGvXcWbQ7HqNMvFfWtyiiyl7l4AdPEIHGKlG86fW13XM3UGyJTYIc1Oo\" data-type=\"URL\" data-id=\"http:\/\/www.ltsh.de\/presseticker\/2021-01\/27\/12-05-40-6bf5\/PI-YBFJBGv1-lt.pdf?fbclid=IwAR3eGvXcWbQ7HqNMvFfWtyiiyl7l4AdPEIHGKlG86fW13XM3UGyJTYIc1Oo\" target=\"_blank\">hier<\/a>.<\/p>\n","protected":false},"excerpt":{"rendered":"<p>Nach 25 Jahren verdienstvoller Arbeit als Landesbeauftragter f\u00fcr Menschen mit Behinderung in Schleswig-Holstein \u00fcbergibt Prof. Dr. Ulrich Hase sein Amt im April an seine heute frisch gew\u00e4hlte Nachfolgerin Michaela Pries, der wir an dieser Stelle herzlich zur Wahl gratulieren. Ebenso herzlich danken wir Prof. Dr. Ulrich Hase f\u00fcr seinen langj\u00e4hrigen unerm\u00fcdlichen Einsatz f\u00fcr Menschen mit [&hellip;]<\/p>\n","protected":false},"author":4,"featured_media":0,"comment_status":"closed","ping_status":"closed","sticky":false,"template":"","format":"standard","meta":{"footnotes":""},"categories":[6],"tags":[],"class_list":["post-549","post","type-post","status-publish","format-standard","hentry","category-intuspartner"],"_links":{"self":[{"href":"http:\/\/intus-kiel.de\/index.php?rest_route=\/wp\/v2\/posts\/549","targetHints":{"allow":["GET"]}}],"collection":[{"href":"http:\/\/intus-kiel.de\/index.php?rest_route=\/wp\/v2\/posts"}],"about":[{"href":"http:\/\/intus-kiel.de\/index.php?rest_route=\/wp\/v2\/types\/post"}],"author":[{"embeddable":true,"href":"http:\/\/intus-kiel.de\/index.php?rest_route=\/wp\/v2\/users\/4"}],"replies":[{"embeddable":true,"href":"http:\/\/intus-kiel.de\/index.php?rest_route=%2Fwp%2Fv2%2Fcomments&post=549"}],"version-history":[{"count":0,"href":"http:\/\/intus-kiel.de\/index.php?rest_route=\/wp\/v2\/posts\/549\/revisions"}],"wp:attachment":[{"href":"http:\/\/intus-kiel.de\/index.php?rest_route=%2Fwp%2Fv2%2Fmedia&parent=549"}],"wp:term":[{"taxonomy":"category","embeddable":true,"href":"http:\/\/intus-kiel.de\/index.php?rest_route=%2Fwp%2Fv2%2Fcategories&post=549"},{"taxonomy":"post_tag","embeddable":true,"href":"http:\/\/intus-kiel.de\/index.php?rest_route=%2Fwp%2Fv2%2Ftags&post=549"}],"curies":[{"name":"wp","href":"https:\/\/api.w.org\/{rel}","templated":true}]}}