{"id":570,"date":"2021-07-09T10:00:25","date_gmt":"2021-07-09T08:00:25","guid":{"rendered":"http:\/\/www.intus-sport.de\/?p=570"},"modified":"2021-07-09T10:00:25","modified_gmt":"2021-07-09T08:00:25","slug":"mitflugtag-am-14-8","status":"publish","type":"post","link":"http:\/\/intus-kiel.de\/?p=570","title":{"rendered":"Mitflugtag am 14.8."},"content":{"rendered":"\n<p>Darauf haben die Mitglieder des Luftsportvereins Kiel e.V. lange gehofft: der Mitflugtag kann nun angesichts der Lockerungen der Corona-Beschr\u00e4nkungen wie gewohnt stattfinden. Nachstehend ver\u00f6ffentlichen wir die Pressemitteilung, die \u00fcber den entsprechenden Button heruntergeladen werden kann.<\/p>\n\n\n\n<figure class=\"wp-block-image size-large is-resized\"><img loading=\"lazy\" decoding=\"async\" src=\"http:\/\/intus-kiel.de\/httpdocs\/wp-content\/uploads\/2021\/07\/Pressemitteilung-Mitflugtag-2021-edited.png\" alt=\"\" class=\"wp-image-574\" width=\"750\" height=\"972\"\/><\/figure>\n\n\n\n<div class=\"wp-block-file\"><a href=\"http:\/\/intus-kiel.de\/httpdocs\/wp-content\/uploads\/2021\/07\/Pressemitteilung-Mitflugtag-2021.pdf\">Pressemitteilung-Mitflugtag-2021<\/a><a href=\"http:\/\/intus-kiel.de\/httpdocs\/wp-content\/uploads\/2021\/07\/Pressemitteilung-Mitflugtag-2021.pdf\" class=\"wp-block-file__button\" download>Herunterladen<\/a><\/div>\n\n\n\n<p><\/p>\n","protected":false},"excerpt":{"rendered":"<p>Darauf haben die Mitglieder des Luftsportvereins Kiel e.V. lange gehofft: der Mitflugtag kann nun angesichts der Lockerungen der Corona-Beschr\u00e4nkungen wie gewohnt stattfinden. Nachstehend ver\u00f6ffentlichen wir die Pressemitteilung, die \u00fcber den entsprechenden Button heruntergeladen werden kann.<\/p>\n","protected":false},"author":4,"featured_media":0,"comment_status":"closed","ping_status":"closed","sticky":false,"template":"","format":"standard","meta":{"footnotes":""},"categories":[5],"tags":[],"class_list":["post-570","post","type-post","status-publish","format-standard","hentry","category-intusnetzwerk"],"_links":{"self":[{"href":"http:\/\/intus-kiel.de\/index.php?rest_route=\/wp\/v2\/posts\/570","targetHints":{"allow":["GET"]}}],"collection":[{"href":"http:\/\/intus-kiel.de\/index.php?rest_route=\/wp\/v2\/posts"}],"about":[{"href":"http:\/\/intus-kiel.de\/index.php?rest_route=\/wp\/v2\/types\/post"}],"author":[{"embeddable":true,"href":"http:\/\/intus-kiel.de\/index.php?rest_route=\/wp\/v2\/users\/4"}],"replies":[{"embeddable":true,"href":"http:\/\/intus-kiel.de\/index.php?rest_route=%2Fwp%2Fv2%2Fcomments&post=570"}],"version-history":[{"count":0,"href":"http:\/\/intus-kiel.de\/index.php?rest_route=\/wp\/v2\/posts\/570\/revisions"}],"wp:attachment":[{"href":"http:\/\/intus-kiel.de\/index.php?rest_route=%2Fwp%2Fv2%2Fmedia&parent=570"}],"wp:term":[{"taxonomy":"category","embeddable":true,"href":"http:\/\/intus-kiel.de\/index.php?rest_route=%2Fwp%2Fv2%2Fcategories&post=570"},{"taxonomy":"post_tag","embeddable":true,"href":"http:\/\/intus-kiel.de\/index.php?rest_route=%2Fwp%2Fv2%2Ftags&post=570"}],"curies":[{"name":"wp","href":"https:\/\/api.w.org\/{rel}","templated":true}]}}