{"id":618,"date":"2022-01-18T10:00:00","date_gmt":"2022-01-18T09:00:00","guid":{"rendered":"http:\/\/www.intus-sport.de\/?p=618"},"modified":"2022-01-18T10:00:00","modified_gmt":"2022-01-18T09:00:00","slug":"aenderungsmitteilung-veranstaltung-ueber-zoom","status":"publish","type":"post","link":"http:\/\/intus-kiel.de\/?p=618","title":{"rendered":"\u00c4nderungsmitteilung: Veranstaltung \u00fcber ZOOM"},"content":{"rendered":"<div class=\"postie-post\">\n<div>\n<div style=\"font-family: Verdana; font-size: 12.0px;\">\n<div>\n<p>Aus Gr\u00fcnden der Coronasituation wird die Veranstaltung \u00fcber ZOOM durchgef\u00fchrt<\/p>\n<p><img decoding=\"async\" src=\"http:\/\/intus-kiel.de\/httpdocs\/wp-content\/uploads\/2022\/01\/61e68b9a52486.jpeg\"><\/p>\n<p><span style=\"font-size: 12.0px;\"><span style=\"color: #000000;\"><span style=\"font-family: Verdana;\"><span style=\"font-style: normal;\"><span style=\"font-weight: 400;\"><span style=\"white-space: normal;\"><b><span style=\"font-size: 16.0pt;\"><span style=\"line-height: 24.5333px;\"><span style=\"font-family: Arial , sans-serif;\">Wie m\u00fcssen altersgerecht unsere Wohnungen und H\u00e4user umgestaltet werden, damit lange und &nbsp;&nbsp;&nbsp; gesund dort leben k\u00f6nnen?<\/span><\/span><\/span><\/b><\/span><\/span><\/span><\/span><\/span><\/span><\/p>\n<p><span style=\"font-size: 12.0px;\"><span style=\"color: #000000;\"><span style=\"font-family: Verdana;\"><span style=\"font-style: normal;\"><span style=\"font-weight: 400;\"><span style=\"white-space: normal;\"><b>&nbsp;<\/b><\/span><\/span><\/span><\/span><\/span><\/span><\/p>\n<p><span style=\"font-size: 12.0px;\"><span style=\"color: #000000;\"><span style=\"font-family: Verdana;\"><span style=\"font-style: normal;\"><span style=\"font-weight: 400;\"><span style=\"white-space: normal;\"><i><span style=\"font-size: 16.0pt;\"><span style=\"line-height: 24.5333px;\"><span style=\"font-family: Arial , sans-serif;\">Liebe Mitb\u00fcrgerinnen und Mitb\u00fcrger<\/span><\/span><\/span><\/i><\/span><\/span><\/span><\/span><\/span><\/span><\/p>\n<p><span style=\"font-size: 12.0px;\"><span style=\"color: #000000;\"><span style=\"font-family: Verdana;\"><span style=\"font-style: normal;\"><span style=\"font-weight: 400;\"><span style=\"white-space: normal;\"><span style=\"line-height: normal;\"><span style=\"font-size: 16.0pt;\"><span style=\"font-family: Arial , sans-serif;\">Eine kleine Hilfen f\u00fcr die Wohnraumanpassung und die Umgestaltung zum sicheren und &nbsp;&nbsp;&nbsp; &nbsp;&nbsp;&nbsp; altersgerechtem Leben im Alter, wird uns Marion Karstens von der Alzheimer Gesellschaft am Donnerstag geben.<\/span><\/span><\/span><\/span><\/span><\/span><\/span><\/span><\/span><\/p>\n<p><span style=\"font-size: 12.0px;\"><span style=\"color: #000000;\"><span style=\"font-family: Verdana;\"><span style=\"font-style: normal;\"><span style=\"font-weight: 400;\"><span style=\"white-space: normal;\"><span style=\"line-height: normal;\">&nbsp;<\/span><\/span><\/span><\/span><\/span><\/span><\/span><\/p>\n<p><span style=\"font-size: 12.0px;\"><span style=\"color: #000000;\"><span style=\"font-family: Verdana;\"><span style=\"font-style: normal;\"><span style=\"font-weight: 400;\"><span style=\"white-space: normal;\"><span style=\"line-height: normal;\"><span style=\"font-size: 16.0pt;\"><span style=\"font-family: Arial , sans-serif;\">Corona bedingt k\u00f6nnen wir uns leider derzeit nicht mehr pers\u00f6nlich&nbsp;&nbsp;treffen, sondern f\u00fchren diese Veranstaltung als Videokonferenz durch.<\/span><\/span><\/span><\/span><\/span><\/span><\/span><\/span><\/span><\/p>\n<p><span style=\"font-size: 12.0px;\"><span style=\"color: #000000;\"><span style=\"font-family: Verdana;\"><span style=\"font-style: normal;\"><span style=\"font-weight: 400;\"><span style=\"white-space: normal;\"><span style=\"line-height: normal;\">&nbsp;<\/span><\/span><\/span><\/span><\/span><\/span><\/span><\/p>\n<p><span style=\"font-size: 12.0px;\"><span style=\"color: #000000;\"><span style=\"font-family: Verdana;\"><span style=\"font-style: normal;\"><span style=\"font-weight: 400;\"><span style=\"white-space: normal;\"><span style=\"line-height: normal;\"><span style=\"font-size: 16.0pt;\"><span style=\"font-family: Arial , sans-serif;\">Am Donnerstag, dem&nbsp;<b>20. Januar 2022, ab 14:55 Uhr&nbsp;<\/b>bitte auf diesen Link klicken und den Anweisungen folgen:<\/span><\/span><\/span><\/span><\/span><\/span><\/span><\/span><\/span><\/p>\n<p><span style=\"font-size: 12.0px;\"><span style=\"color: #000000;\"><span style=\"font-family: Verdana;\"><span style=\"font-style: normal;\"><span style=\"font-weight: 400;\"><span style=\"white-space: normal;\"><a href=\"https:\/\/deref-web.de\/mail\/client\/IVIny0uAwk0\/dereferrer\/?redirectUrl=https%3A%2F%2Fzoom.us%2Fj%2F99171272769%3Fpwd%3DSTBpTkdyOGJlN1E0NTJESDh2dFZlQT09\" target=\"_blank\" rel=\"noopener\"><span style=\"font-size: 16.0pt;\"><span style=\"line-height: 24.5333px;\"><span style=\"font-family: Arial , sans-serif;\">https:\/\/zoom.us\/j\/99171272769?pwd=STBpTkdyOGJlN1E0NTJESDh2dFZlQT09<\/span><\/span><\/span><\/a><\/span><\/span><\/span><\/span><\/span><\/span><\/p>\n<p><span style=\"font-size: 12.0px;\"><span style=\"color: #000000;\"><span style=\"font-family: Verdana;\"><span style=\"font-style: normal;\"><span style=\"font-weight: 400;\"><span style=\"white-space: normal;\"><span style=\"line-height: normal;\"><b><span style=\"font-size: 16.0pt;\"><span style=\"font-family: Arial , sans-serif;\">Meeting-ID: 991 7127 2769&nbsp;&nbsp;&nbsp;&nbsp;&nbsp;&nbsp;&nbsp;&nbsp;&nbsp;&nbsp;&nbsp;&nbsp;&nbsp;&nbsp;&nbsp;&nbsp;&nbsp;&nbsp;&nbsp;&nbsp;&nbsp;&nbsp;Kenncode: 344589<\/span><\/span><\/b><\/span><\/span><\/span><\/span><\/span><\/span><\/span><\/p>\n<p><span style=\"font-size: 12.0px;\"><span style=\"color: #000000;\"><span style=\"font-family: Verdana;\"><span style=\"font-style: normal;\"><span style=\"font-weight: 400;\"><span style=\"white-space: normal;\"><span style=\"line-height: normal;\"><span style=\"font-size: 16.0pt;\"><span style=\"font-family: Arial , sans-serif;\">oder telefonisch mit 069 5050 0951&nbsp;&nbsp;&nbsp;&nbsp;&nbsp;&nbsp;&nbsp;&nbsp;&nbsp;Meeting-ID: 991 7127 2769<\/span><\/span><\/span><\/span><\/span><\/span><\/span><\/span><\/span><\/p>\n<p><span style=\"font-size: 12.0px;\"><span style=\"color: #000000;\"><span style=\"font-family: Verdana;\"><span style=\"font-style: normal;\"><span style=\"font-weight: 400;\"><span style=\"white-space: normal;\"><span style=\"line-height: normal;\">&nbsp;<\/span><\/span><\/span><\/span><\/span><\/span><\/span><\/p>\n<p><span style=\"font-size: 12.0px;\"><span style=\"color: #000000;\"><span style=\"font-family: Verdana;\"><span style=\"font-style: normal;\"><span style=\"font-weight: 400;\"><span style=\"white-space: normal;\"><span style=\"line-height: normal;\"><span style=\"font-size: 16.0pt;\"><span style=\"font-family: Arial , sans-serif;\">88% der Senioren in Klausdorf w\u00fcrden gerne im Alter in Klausdorf leben bleiben.&nbsp;<\/span><\/span><span style=\"font-size: 16.0pt;\"><span style=\"font-family: Arial , sans-serif;\">Es fehlt aber bezahlbarer, barrierefreier Wohnraum. Wie k\u00f6nnen wir m\u00f6glichst lange in unseren H\u00e4usern wohnen bleiben?<\/span><\/span><\/span><\/span><\/span><\/span><\/span><\/span><\/span><\/p>\n<p><span style=\"font-size: 12.0px;\"><span style=\"color: #000000;\"><span style=\"font-family: Verdana;\"><span style=\"font-style: normal;\"><span style=\"font-weight: 400;\"><span style=\"white-space: normal;\"><span style=\"line-height: normal;\"><span style=\"font-size: 16.0pt;\"><span style=\"font-family: Arial , sans-serif;\">Frau Kartens wird konkrete Tipps f\u00fcr die Wohnraumumgestaltung geben.&nbsp;<\/span><\/span><\/span><\/span><\/span><\/span><\/span><\/span><\/span><\/p>\n<p><span style=\"font-size: 12.0px;\"><span style=\"color: #000000;\"><span style=\"font-family: Verdana;\"><span style=\"font-style: normal;\"><span style=\"font-weight: 400;\"><span style=\"white-space: normal;\"><span style=\"line-height: normal;\"><span style=\"font-size: 16.0pt;\"><span style=\"font-family: Arial , sans-serif;\">Wer mit einer Videokonferenz \u00fcber seinen Computer nicht zurechtkommt, melde sich bitte oder frage Kinder oder Enkel.<\/span><\/span><\/span><\/span><\/span><\/span><\/span><\/span><\/span><\/p>\n<p><span style=\"font-size: 12.0px;\"><span style=\"color: #000000;\"><span style=\"font-family: Verdana;\"><span style=\"font-style: normal;\"><span style=\"font-weight: 400;\"><span style=\"white-space: normal;\"><span style=\"line-height: normal;\"><span style=\"font-size: 16.0pt;\"><span style=\"font-family: Arial , sans-serif;\">Die Veranstaltung wird aufgezeichnet und \u00fcber den Offenen Kanal gesendet.<\/span><\/span><\/span><\/span><\/span><\/span><\/span><\/span><\/span><\/p>\n<p><span style=\"font-size: 12.0px;\"><span style=\"color: #000000;\"><span style=\"font-family: Verdana;\"><span style=\"font-style: normal;\"><span style=\"font-weight: 400;\"><span style=\"white-space: normal;\"><span style=\"font-size: 16.0pt;\"><span style=\"line-height: 24.5333px;\"><span style=\"font-family: Arial , sans-serif;\">Mit freundlichen Gr\u00fc\u00dfen<\/span><\/span><\/span><\/span><\/span><\/span><\/span><\/span><\/span><\/p>\n<p><span style=\"font-size: 12.0px;\"><span style=\"color: #000000;\"><span style=\"font-family: Verdana;\"><span style=\"font-style: normal;\"><span style=\"font-weight: 400;\"><span style=\"white-space: normal;\"><span style=\"line-height: normal;\"><span style=\"font-size: 16.0pt;\">Peter Dohse&nbsp;&nbsp;&nbsp;Monika Vogt&nbsp;&nbsp;&nbsp;&nbsp;&nbsp;Holger Malterer&nbsp;&nbsp;&nbsp;&nbsp;&nbsp;&nbsp;Adelheid Peschel<\/span><\/span><\/span><\/span><\/span><\/span><\/span><\/span><\/p>\n<\/div>\n<\/div>\n<\/div>\n<\/div>\n","protected":false},"excerpt":{"rendered":"<p>Aus Gr\u00fcnden der Coronasituation wird die Veranstaltung \u00fcber ZOOM durchgef\u00fchrt Wie m\u00fcssen altersgerecht unsere Wohnungen und H\u00e4user umgestaltet werden, damit lange und &nbsp;&nbsp;&nbsp; gesund dort leben k\u00f6nnen? &nbsp; Liebe Mitb\u00fcrgerinnen und Mitb\u00fcrger Eine kleine Hilfen f\u00fcr die Wohnraumanpassung und die Umgestaltung zum sicheren und &nbsp;&nbsp;&nbsp; &nbsp;&nbsp;&nbsp; altersgerechtem Leben im Alter, wird uns Marion Karstens von [&hellip;]<\/p>\n","protected":false},"author":3,"featured_media":0,"comment_status":"closed","ping_status":"open","sticky":false,"template":"","format":"standard","meta":{"footnotes":""},"categories":[6],"tags":[],"class_list":["post-618","post","type-post","status-publish","format-standard","hentry","category-intuspartner"],"_links":{"self":[{"href":"http:\/\/intus-kiel.de\/index.php?rest_route=\/wp\/v2\/posts\/618","targetHints":{"allow":["GET"]}}],"collection":[{"href":"http:\/\/intus-kiel.de\/index.php?rest_route=\/wp\/v2\/posts"}],"about":[{"href":"http:\/\/intus-kiel.de\/index.php?rest_route=\/wp\/v2\/types\/post"}],"author":[{"embeddable":true,"href":"http:\/\/intus-kiel.de\/index.php?rest_route=\/wp\/v2\/users\/3"}],"replies":[{"embeddable":true,"href":"http:\/\/intus-kiel.de\/index.php?rest_route=%2Fwp%2Fv2%2Fcomments&post=618"}],"version-history":[{"count":0,"href":"http:\/\/intus-kiel.de\/index.php?rest_route=\/wp\/v2\/posts\/618\/revisions"}],"wp:attachment":[{"href":"http:\/\/intus-kiel.de\/index.php?rest_route=%2Fwp%2Fv2%2Fmedia&parent=618"}],"wp:term":[{"taxonomy":"category","embeddable":true,"href":"http:\/\/intus-kiel.de\/index.php?rest_route=%2Fwp%2Fv2%2Fcategories&post=618"},{"taxonomy":"post_tag","embeddable":true,"href":"http:\/\/intus-kiel.de\/index.php?rest_route=%2Fwp%2Fv2%2Ftags&post=618"}],"curies":[{"name":"wp","href":"https:\/\/api.w.org\/{rel}","templated":true}]}}