{"id":624,"date":"2022-02-04T11:29:54","date_gmt":"2022-02-04T10:29:54","guid":{"rendered":"http:\/\/www.intus-sport.de\/?p=624"},"modified":"2022-02-04T11:29:54","modified_gmt":"2022-02-04T10:29:54","slug":"schulungsangebote-fuer-inklusive-freizeitgestaltung-von-kindern-und-jugendlichen-lvkm-sh","status":"publish","type":"post","link":"http:\/\/intus-kiel.de\/?p=624","title":{"rendered":"Schulungsangebote f\u00fcr inklusive Freizeitgestaltung von Kindern und Jugendlichen"},"content":{"rendered":"\n<p>Sehr geehrte Netzwerk- und KooperationspartnerInnen,<\/p>\n\n\n\n<p>im Rahmen des f\u00fcnfj\u00e4hrigen Projekts \u201eBarriere \u2013 Frei(e) \u2013 Zeit gestalten\u201c bietet der Landesverband f\u00fcr k\u00f6rper- und mehrfachbehinderte Menschen Schleswig-Holstein e.V. (lvkm-sh) Schulungen zu verschiedenen Themen f\u00fcr haupt- und ehrenamtlich T\u00e4tige an, die in Schleswig-Holstein Freizeitangebote f\u00fcr Kinder und Jugendliche gestalten. Ob Jugendfeuerwehr, Pfadfinder, Musikschule, Sportverein, Volkshochschule oder Kreativkurse \u2013 angesprochen sind KursleiterInnen, JugendgruppenleiterInnen, \u00dcbungsleiterInnen und all diejenigen, die ihr Freizeitangebot f\u00fcr Kinder und Jugendliche MIT und OHNE Behinderung gestalten m\u00f6chten!<\/p>\n\n\n\n<p><em>Schulungsangebot 1<\/em><br><strong><em>Behindert ist, wer behindert wird!<\/em><\/strong><br>Barrierefreie Freizeitangebote planen und umsetzen<br>Montag, <strong>07.03.2022, 19:30<\/strong> &#8211; ca. 21:00 Uhr<\/p>\n\n\n\n<p><em>Schulungsangebot 2<\/em><br><strong>Akzeptanz von Unterschieden &#8211; Toleranz f\u00fcr Vielf\u00e4ltigkeit<\/strong><br>Bewusstseinsbildung im Umgang mit Kindern und Jugendlichen mit Behinderung<br>Montag, <strong>14.03.2022, 19:30<\/strong> &#8211; ca. 21:00 Uhr<\/p>\n\n\n\n<p><strong>Sc<\/strong><em>hulungsangebot 3<\/em><br><strong><em>Behinderungsbilder \u2013 eine Einf\u00fchrung<\/em><\/strong><br>Montag, <strong>21.03.2022<\/strong>, <strong>19:30<\/strong> &#8211; ca. 21:00 Uhr<\/p>\n\n\n\n<p><em>Schulungsangebot 4<\/em><br><strong>Leitung einer heterogenen Gruppe &#8211; Chancen und Herausforderungen<\/strong><br>Montag, <strong>28.03.2022, 19:30<\/strong> &#8211; ca. 21:00 Uhr<\/p>\n\n\n\n<p>Referentin: Miriam Hornung, Diplom-Sozialp\u00e4dagogin und Projektkoordinatorin des lvkm-sh<br>Veranstaltungsort: Alle Schulungsangebote finden Online per Zoom statt.<\/p>\n\n\n\n<p>Eine Anmeldung zu den unterschiedlichen Schulungsangeboten ist bis sp\u00e4testens zwei Tage vor Veranstaltungsbeginn mit unserem Anmeldeformular 2022<a href=\"https:\/\/www.lvkm-sh.de\/veranstaltungen\/anmeldung.html\">https:\/\/www.lvkm-sh.de\/veranstaltungen\/anmeldung.html<\/a> m\u00f6glich. Die Teilnahme ist kostenfrei und kann mit jeweils 1,5 Zeitstunden oder 2 Lerneinheiten zur Verl\u00e4ngerung der Juleica angerechnet werden. Eine Teilnahmebescheinigung wird am Ende der Schulungsreihe ausgestellt. Ausf\u00fchrliche Informationen zum 4-teiligen Schulungsangebot finden Sie im Anhang oder unter Schulungsangebote f\u00fcr inklusive Freizeitgestaltung von Kindern und Jugendlichen<a href=\"https:\/\/www.lvkm-sh.de\/projekteangebote\/barriere-freie-zeit-gestalten\/schulungsangebote.html\">https:\/\/www.lvkm-sh.de\/projekteangebote\/barriere-freie-zeit-gestalten\/schulungsangebote.html<\/a>.<\/p>\n\n\n\n<p>Ziel des f\u00fcnfj\u00e4hrigen Projekts \u201eBarriere \u2013 Frei(e) \u2013 Zeit gestalten\u201c ist der Ausbau von inklusiven Freizeitangeboten in Schleswig-Holstein und damit die St\u00e4rkung der selbstbestimmten Teilhabe von Kindern und Jugendlichen mit Behinderung. Weitere Informationen zum Projekt finden Sie unter diesem Link: Projekt Barriere &#8211; Frei(e) &#8211; Zeit gestalten<a href=\"https:\/\/www.lvkm-sh.de\/projekteangebote\/barriere-freie-zeit-gestalten.html\">https:\/\/www.lvkm-sh.de\/projekteangebote\/barriere-freie-zeit-gestalten.html<\/a>.<\/p>\n\n\n\n<p>Bitte teilen Sie diese Information auch in Ihren Netzwerken und leiten diese an Interessierte weiter. Vielen Dank!<\/p>\n\n\n\n<p>Bei weiteren Fragen k\u00f6nnen Sie sich gern an mich wenden.<\/p>\n\n\n\n<p>Mit freundlichen Gr\u00fc\u00dfen<\/p>\n\n\n\n<p>Miriam Hornung<br>(Projektleitung)<\/p>\n\n\n\n<p class=\"has-small-font-size\">Landesverband f\u00fcr k\u00f6rper- und mehrfachbehinderte<br>Menschen Schleswig-Holstein e.V.<br>Boninstr. 3-7 \u2219 24114 Kiel<br>Tel.: 0431|90 88 99 17 \u2219 Fax: 0431|90 88 99 16<br>www.lvkm-sh.de<a href=\"http:\/\/www.lvkm-sh.de\/\">http:\/\/www.lvkm-sh.de\/<\/a><\/p>\n\n\n\n<p class=\"has-small-font-size\">Amtsgericht Kiel, VR 2136 KI<br>Vorstand: Anita Pungs-Niemeier (Vorsitz)<br>Achim B\u00f6lsch (stellv. Vorsitz)<\/p>\n\n\n\n<div class=\"postie-attachments\"><a href=\"http:\/\/intus-kiel.de\/httpdocs\/wp-content\/uploads\/2022\/02\/Schulungsangebote-fuer-inklusive-Freizeitgestaltung-von-Kindern-und-Jugendlichen-lvkm-sh-1.pdf\"><img decoding=\"async\" src=\"http:\/\/intus-kiel.de\/httpdocs\/wp-content\/plugins\/postie\/icons\/silver\/pdf-32.png\" alt=\"pdf icon\"> Schulungsangebote-fuer-inklusive-Freizeitgestaltung-von-Kindern-und-Jugendlichen-lvkm-sh.pdf<\/a><br><a href=\"http:\/\/intus-kiel.de\/httpdocs\/?attachment_id=626\"><img decoding=\"async\" class=\"alignnone size-medium wp-image-626\" src=\"http:\/\/intus-kiel.de\/httpdocs\/wp-content\/uploads\/2022\/02\/image001.jpg\" alt=\"\" width=\"180px\" height=\"51px\"><\/a><\/div>\n<\/div>\n","protected":false},"excerpt":{"rendered":"<p>Sehr geehrte Netzwerk- und KooperationspartnerInnen, im Rahmen des f\u00fcnfj\u00e4hrigen Projekts \u201eBarriere \u2013 Frei(e) \u2013 Zeit gestalten\u201c bietet der Landesverband f\u00fcr k\u00f6rper- und mehrfachbehinderte Menschen Schleswig-Holstein e.V. (lvkm-sh) Schulungen zu verschiedenen Themen f\u00fcr haupt- und ehrenamtlich T\u00e4tige an, die in Schleswig-Holstein Freizeitangebote f\u00fcr Kinder und Jugendliche gestalten. Ob Jugendfeuerwehr, Pfadfinder, Musikschule, Sportverein, Volkshochschule oder Kreativkurse \u2013 [&hellip;]<\/p>\n","protected":false},"author":4,"featured_media":0,"comment_status":"closed","ping_status":"closed","sticky":false,"template":"","format":"standard","meta":{"footnotes":""},"categories":[5,6],"tags":[],"class_list":["post-624","post","type-post","status-publish","format-standard","hentry","category-intusnetzwerk","category-intuspartner"],"_links":{"self":[{"href":"http:\/\/intus-kiel.de\/index.php?rest_route=\/wp\/v2\/posts\/624","targetHints":{"allow":["GET"]}}],"collection":[{"href":"http:\/\/intus-kiel.de\/index.php?rest_route=\/wp\/v2\/posts"}],"about":[{"href":"http:\/\/intus-kiel.de\/index.php?rest_route=\/wp\/v2\/types\/post"}],"author":[{"embeddable":true,"href":"http:\/\/intus-kiel.de\/index.php?rest_route=\/wp\/v2\/users\/4"}],"replies":[{"embeddable":true,"href":"http:\/\/intus-kiel.de\/index.php?rest_route=%2Fwp%2Fv2%2Fcomments&post=624"}],"version-history":[{"count":0,"href":"http:\/\/intus-kiel.de\/index.php?rest_route=\/wp\/v2\/posts\/624\/revisions"}],"wp:attachment":[{"href":"http:\/\/intus-kiel.de\/index.php?rest_route=%2Fwp%2Fv2%2Fmedia&parent=624"}],"wp:term":[{"taxonomy":"category","embeddable":true,"href":"http:\/\/intus-kiel.de\/index.php?rest_route=%2Fwp%2Fv2%2Fcategories&post=624"},{"taxonomy":"post_tag","embeddable":true,"href":"http:\/\/intus-kiel.de\/index.php?rest_route=%2Fwp%2Fv2%2Ftags&post=624"}],"curies":[{"name":"wp","href":"https:\/\/api.w.org\/{rel}","templated":true}]}}