{"id":641,"date":"2022-06-01T10:00:00","date_gmt":"2022-06-01T08:00:00","guid":{"rendered":"http:\/\/www.intus-sport.de\/?p=641"},"modified":"2022-06-01T10:00:00","modified_gmt":"2022-06-01T08:00:00","slug":"nordbretter-premiere-am-16-juni","status":"publish","type":"post","link":"http:\/\/intus-kiel.de\/?p=641","title":{"rendered":"Nordbretter: Premiere am 16. Juni"},"content":{"rendered":"\n<p class=\"wp-block-pdfemb-pdf-embedder-viewer\"><\/p>\n\n\n\n<p>Sehr geehrte Damen und Herren, liebe Kolleginnen, liebe Kollegen,<\/p>\n\n\n\n<p>wir freuen uns auf unsere neuen Theaterauff\u00fchrungen 2022 mit dem Thema &#8222;<strong>Bauchklopfen im Herbst&#8220;.&nbsp;<\/strong><\/p>\n\n\n\n<p><strong>Premiere ist am&nbsp;<\/strong>16. Juni. Zwei weitere Auff\u00fchrungen folgen am&nbsp; 18. und 19. Juni im Werftparktheater Kiel. Beginn ist jeweils um 18:30 Uhr.&nbsp;<\/p>\n\n\n\n<p>Kartenverkauf: Theater Kiel. Die Plakatdatei ist mir dem Theater Kiel verlinkt, so dass Sie mit einem Klick zum Online Kartenverkauf gelangen.<\/p>\n\n\n\n<p>Wir w\u00fcrden uns \u00fcber Ihr Interesse freuen und bitten Sie, unsere Aushangdatei weiter zu leiten und auch Ihrem&nbsp; KollegInnenkreis zug\u00e4nglich zu machen.&nbsp;<\/p>\n\n\n\n<p>Herzlichen Dank und freundliche&nbsp; Gr\u00fc\u00dfe<\/p>\n\n\n\n<p>Gerd Neuner (Vorsitzender)<\/p>\n\n\n\n<p>NANK Kiel e.V.<\/p>\n\n\n\n<p><a href=\"http:\/\/www.neue-arbeit-kiel.de\/\" target=\"_blank\" rel=\"noreferrer noopener\">www.neue-arbeit-kiel.de<\/a>&nbsp;<\/p>\n\n\n\n<p><a target=\"_blank\" href=\"http:\/\/www.nordbretter.de\/\" rel=\"noreferrer noopener\">www.nordbretter.de<\/a><\/p>\n\n\n\n<p><a target=\"_blank\" href=\"http:\/\/intus-kiel.de\/httpdocs\/\" rel=\"noreferrer noopener\">intus-kiel.de\/httpdocs\/<\/a><\/p>\n\n\n\n<p><a target=\"_blank\" href=\"http:\/\/www.includo-festival.com\/\" rel=\"noreferrer noopener\">www.includo-festival.com<\/a><\/p>\n\n\n\n<p><\/p>\n","protected":false},"excerpt":{"rendered":"<p>Sehr geehrte Damen und Herren, liebe Kolleginnen, liebe Kollegen, wir freuen uns auf unsere neuen Theaterauff\u00fchrungen 2022 mit dem Thema &#8222;Bauchklopfen im Herbst&#8220;.&nbsp; Premiere ist am&nbsp;16. Juni. Zwei weitere Auff\u00fchrungen folgen am&nbsp; 18. und 19. Juni im Werftparktheater Kiel. Beginn ist jeweils um 18:30 Uhr.&nbsp; Kartenverkauf: Theater Kiel. Die Plakatdatei ist mir dem Theater Kiel [&hellip;]<\/p>\n","protected":false},"author":3,"featured_media":0,"comment_status":"closed","ping_status":"closed","sticky":false,"template":"","format":"standard","meta":{"footnotes":""},"categories":[6],"tags":[],"class_list":["post-641","post","type-post","status-publish","format-standard","hentry","category-intuspartner"],"_links":{"self":[{"href":"http:\/\/intus-kiel.de\/index.php?rest_route=\/wp\/v2\/posts\/641","targetHints":{"allow":["GET"]}}],"collection":[{"href":"http:\/\/intus-kiel.de\/index.php?rest_route=\/wp\/v2\/posts"}],"about":[{"href":"http:\/\/intus-kiel.de\/index.php?rest_route=\/wp\/v2\/types\/post"}],"author":[{"embeddable":true,"href":"http:\/\/intus-kiel.de\/index.php?rest_route=\/wp\/v2\/users\/3"}],"replies":[{"embeddable":true,"href":"http:\/\/intus-kiel.de\/index.php?rest_route=%2Fwp%2Fv2%2Fcomments&post=641"}],"version-history":[{"count":0,"href":"http:\/\/intus-kiel.de\/index.php?rest_route=\/wp\/v2\/posts\/641\/revisions"}],"wp:attachment":[{"href":"http:\/\/intus-kiel.de\/index.php?rest_route=%2Fwp%2Fv2%2Fmedia&parent=641"}],"wp:term":[{"taxonomy":"category","embeddable":true,"href":"http:\/\/intus-kiel.de\/index.php?rest_route=%2Fwp%2Fv2%2Fcategories&post=641"},{"taxonomy":"post_tag","embeddable":true,"href":"http:\/\/intus-kiel.de\/index.php?rest_route=%2Fwp%2Fv2%2Ftags&post=641"}],"curies":[{"name":"wp","href":"https:\/\/api.w.org\/{rel}","templated":true}]}}