{"id":675,"date":"2023-02-16T12:14:11","date_gmt":"2023-02-16T11:14:11","guid":{"rendered":"http:\/\/www.intus-sport.de\/?p=675"},"modified":"2023-02-16T12:14:11","modified_gmt":"2023-02-16T11:14:11","slug":"schulungsangebote-im-maerz-2023-tag-der-moeglichkeiten-am-18-03-2023-lvkm-sh","status":"publish","type":"post","link":"http:\/\/intus-kiel.de\/?p=675","title":{"rendered":"Schulungsangebote im M\u00e4rz 2023, Tag der M\u00f6glichkeiten am 18.03.2023, lvkm-sh"},"content":{"rendered":"<div class=\"postie-post\">Sehr geehrte Netzwerk- und KooperationspartnerInnen,<br \/>\nder lvkm-sh bietet im Rahmen des Projekts \u201eBarriere-Frei(e)-Zeit gestalten\u201c regelm\u00e4\u00dfig Schulungen f\u00fcr Fachkr\u00e4fte und interessierte Akteur*innen von Vereinen, Verb\u00e4nden und anderen Organisationen zur Gestaltung von inklusiven Freizeitangeboten in Schleswig-Holstein an. Die Teilnahme ist kostenfrei und kann mit jeweils 1,5 Zeitstunden oder 2 Lerneinheiten zur Verl\u00e4ngerung der Juleica angerechnet werden.<br \/>\nMontag, 27.03.2023, 09:00 \u2013 ca. 10:30 Uhr Behindert ist, wer behindert wird! Barrierefreie Freizeitangebote planen und umsetzen<br \/>\nMontag, 27.03.2023, 11:00 \u2013 ca. 12:30 Uhr Akzeptanz von Unterschieden &#8211; Toleranz f\u00fcr Vielf\u00e4ltigkeit Bewusstseinsbildung im Umgang mit Kindern und Jugendlichen mit Behinderung<br \/>\nMittwoch, 29.03.2023, 09:00 \u2013 ca. 10:30 Uhr Behinderungsbilder \u2013 eine Einf\u00fchrung<br \/>\nMittwoch, 29.03.2023, 11:00 \u2013 ca. 12:30 Uhr Leitung einer heterogenen Gruppe &#8211; Chancen und Herausforderungen<br \/>\nReferentin: Miriam Hornung, Diplom-Sozialp\u00e4dagogin und Projektkoordinatorin des lvkm-sh Veranstaltungsort: Alle Schulungsangebote finden Online per Zoom statt.<br \/>\nEine Anmeldung zu den unterschiedlichen Schulungsangeboten ist bis sp\u00e4testens zwei Tage vor Veranstaltungsbeginn unter Anmeldung zu den Schulungsangeboten&lt;<a href=\"https:\/\/www.lvkm-sh.de\/termine\/schulungen\/anmeldung?event=schulung-1\">www.lvkm-sh.de\/termine\/schulungen\/anmeldung?event=schulung-1<\/a>&gt; m\u00f6glich. Eine Teilnahmebescheinigung wird am Ende der Schulungsreihe ausgestellt.<br \/>\nTag der M\u00f6glichkeiten f\u00fcr die Regionen Kiel, Rendsburg-Eckernf\u00f6rde, Neum\u00fcnster und Pl\u00f6n Am 18.03.2023 hei\u00dft es in der Zeit von 14:00 &#8211; 17:00 Uhr herzlich willkommen bei der ersten Messe f\u00fcr barrierefreie und inklusive Freizeitangebote im VeranstaltungsZetrum Kiel. \u00dcber 40 Vereine und Organisationen sind mit dabei, stellen ihre Angebote dort vor und laden mit Auff\u00fchrungen oder Mitmachaktionen zum Ausprobieren ein. Herzlich eingeladen sind Kinder und Jugendliche mit und ohne Behinderung, Eltern und Interessierte aus den Regionen vorbei zu kommen!<br \/>\nAusf\u00fchrliche Informationen zum 4-teiligen Schulungsangebot, dem Tag der M\u00f6glichkeiten und zum Projekt des lvkm-sh finden Sie unter <a href=\"http:\/\/www.lvkm-sh.de\">www.lvkm-sh.de<\/a>&lt;<a href=\"https:\/\/www.lvkm-sh.de\/angebote\/barriere-frei-e-zeit-gestalten\">www.lvkm-sh.de\/angebote\/barriere-frei-e-zeit-gestalten<\/a>&gt;.<br \/>\nWir freuen uns darauf, Sie bei unseren Veranstaltungen begr\u00fc\u00dfen zu d\u00fcrfen!<br \/>\nMit freundlichen Gr\u00fc\u00dfen<br \/>\nMiriam Hornung (Projektleitung)<br \/>\nP.S.: Bitte teilen Sie diese Informationen auch in Ihren Netzwerken und leiten diese an Interessierte weiter. Vielen Dank!<br \/>\n[logo_LVKM_rgb]<br \/>\nLandesverband f\u00fcr k\u00f6rper- und mehrfachbehinderte Menschen Schleswig-Holstein e.V. Boninstr. 3-7 \u2219 24114 Kiel Tel.: 0431|90 88 99 17 \u2219 Fax: 0431|90 88 99 16 <a href=\"http:\/\/www.lvkm-sh.de\">www.lvkm-sh.de<\/a>&lt;<a href=\"http:\/\/www.lvkm-sh.de\/\">www.lvkm-sh.de\/<\/a>&gt;<br \/>\nAmtsgericht Kiel, VR 2136 KI Vorstand: Anita Pungs-Niemeier (Vorsitz) Achim B\u00f6lsch (stellv. Vorsitz)<\/p>\n<div class=\"postie-attachments\"><a href=\"http:\/\/intus-kiel.de\/httpdocs\/wp-content\/uploads\/2023\/02\/Tag-der-Moeglichkeiten-Kiel-1.pdf\"><img decoding=\"async\" src=\"http:\/\/intus-kiel.de\/httpdocs\/wp-content\/plugins\/postie\/icons\/silver\/pdf-32.png\" alt=\"pdf icon\"> Tag-der-Moeglichkeiten-Kiel.pdf<\/a><br \/>\n<a href=\"http:\/\/intus-kiel.de\/httpdocs\/?attachment_id=677\"><img decoding=\"async\" src=\"http:\/\/intus-kiel.de\/httpdocs\/wp-content\/uploads\/2023\/02\/image001-1.jpg\" alt=\"\" width=\"180px\" height=\"51px\" class=\"alignnone size-medium wp-image-677\"><\/a><\/div>\n<\/div>\n","protected":false},"excerpt":{"rendered":"<p>Sehr geehrte Netzwerk- und KooperationspartnerInnen, der lvkm-sh bietet im Rahmen des Projekts \u201eBarriere-Frei(e)-Zeit gestalten\u201c regelm\u00e4\u00dfig Schulungen f\u00fcr Fachkr\u00e4fte und interessierte Akteur*innen von Vereinen, Verb\u00e4nden und anderen Organisationen zur Gestaltung von inklusiven Freizeitangeboten in Schleswig-Holstein an. Die Teilnahme ist kostenfrei und kann mit jeweils 1,5 Zeitstunden oder 2 Lerneinheiten zur Verl\u00e4ngerung der Juleica angerechnet werden. Montag, [&hellip;]<\/p>\n","protected":false},"author":4,"featured_media":0,"comment_status":"closed","ping_status":"open","sticky":false,"template":"","format":"standard","meta":{"footnotes":""},"categories":[5],"tags":[],"class_list":["post-675","post","type-post","status-publish","format-standard","hentry","category-intusnetzwerk"],"_links":{"self":[{"href":"http:\/\/intus-kiel.de\/index.php?rest_route=\/wp\/v2\/posts\/675","targetHints":{"allow":["GET"]}}],"collection":[{"href":"http:\/\/intus-kiel.de\/index.php?rest_route=\/wp\/v2\/posts"}],"about":[{"href":"http:\/\/intus-kiel.de\/index.php?rest_route=\/wp\/v2\/types\/post"}],"author":[{"embeddable":true,"href":"http:\/\/intus-kiel.de\/index.php?rest_route=\/wp\/v2\/users\/4"}],"replies":[{"embeddable":true,"href":"http:\/\/intus-kiel.de\/index.php?rest_route=%2Fwp%2Fv2%2Fcomments&post=675"}],"version-history":[{"count":0,"href":"http:\/\/intus-kiel.de\/index.php?rest_route=\/wp\/v2\/posts\/675\/revisions"}],"wp:attachment":[{"href":"http:\/\/intus-kiel.de\/index.php?rest_route=%2Fwp%2Fv2%2Fmedia&parent=675"}],"wp:term":[{"taxonomy":"category","embeddable":true,"href":"http:\/\/intus-kiel.de\/index.php?rest_route=%2Fwp%2Fv2%2Fcategories&post=675"},{"taxonomy":"post_tag","embeddable":true,"href":"http:\/\/intus-kiel.de\/index.php?rest_route=%2Fwp%2Fv2%2Ftags&post=675"}],"curies":[{"name":"wp","href":"https:\/\/api.w.org\/{rel}","templated":true}]}}