{"id":71,"date":"2019-01-01T10:00:59","date_gmt":"2019-01-01T09:00:59","guid":{"rendered":"http:\/\/www.intus-sport.de\/?p=71"},"modified":"2019-01-01T10:00:59","modified_gmt":"2019-01-01T09:00:59","slug":"intus-bei-den-malmoe-open","status":"publish","type":"post","link":"http:\/\/intus-kiel.de\/?p=71","title":{"rendered":"InTuS bei den Malm\u00f6 Open 2019"},"content":{"rendered":"\n<p><strong>Die Malm\u00f6 Open 2019 \u2013 die europaweit gr\u00f6\u00dfte inklusionssportliche Wettkampfveranstaltung<\/strong><\/p>\n\n\n\n<p>Die Freude ist gro\u00df! Das&nbsp;<strong>InTuS<\/strong>\u2013Netzwerk ist bei den Malm\u00f6 Open 2019 mit \u00fcber 50 Athleten aus den Sparten Fu\u00dfball, Tischtennis und Wassersport vom 08. bis 10. Februar 2019 dabei:<\/p>\n\n\n\n<ul class=\"wp-block-list\"><li><em><strong>Stiftung Drachensee<\/strong><\/em>&nbsp;mit 10 Athletinnen und 4 Betreuern (Fu\u00dfball \/ Tischtennis),<\/li><li><em><strong>TuS Holtenau<\/strong>&nbsp;<\/em>mit den&nbsp;<em><strong>KIWIS (Forum Wohnen)<\/strong><\/em>&nbsp;mit 11 AthletInnen und 3 Betreuer (Fu\u00dfball),<\/li><li><em><strong>Eiderheim Flintbek (Diakonie)<\/strong><\/em>&nbsp;mit 12 Athleten (Fu\u00dfball) und 2 TrainerInnen,<\/li><\/ul>\n\n\n\n<p>auch mit von der Partie<\/p>\n\n\n\n<ul class=\"wp-block-list\"><li><em><strong>die Schleswiger Werkst\u00e4tten<\/strong>&nbsp;<\/em>mit 25 AthletInnen und 5 TrainerInnen (Fu\u00dfball \/Schwimmen),<\/li><li>Mit den Athleten und Athletinnen reisen Funktionstr\u00e4ger aus Sport und Kommunalpolitik mit. Es wurden bereits Planungsgespr\u00e4che abgestimmt, die darauf zielen, inklusionssportliche Austauschbeziehungen zwischen (FIFH Malm\u00f6 \/ InTuS-Netzwerk) zu verstetigen.<\/li><\/ul>\n\n\n\n<div class=\"wp-block-image\"><figure class=\"alignleft\"><img decoding=\"async\" src=\"http:\/\/intus-kiel.de\/wp-content\/uploads\/2019\/01\/Malmoopen2019.png\" alt=\"\" class=\"wp-image-333\"\/><\/figure><\/div>\n\n\n\n<p><strong>InTuS&nbsp;<\/strong>\u2013 Kieler Netzwerk Sport&amp;Inklusion verfolgt mit der Teilnahme an den Malm\u00f6 Open 2019 folgende Ziele:<\/p>\n\n\n\n<ul class=\"wp-block-list\"><li>Inklusionssport aktiv als Motivation und Wertsch\u00e4tzung f\u00fcr die Beteiligten, Pers\u00f6nlichkeitsentwicklung im internationalen Austausch d. h., sich au\u00dferhalb der eigenen Ligen\/ Sportarten international zu messen;<\/li><li>aktive Unterst\u00fctzung der bestehenden St\u00e4dtefreundschaft Kiel \u2013 Malm\u00f6 durch die vorgesehenen inklusionssportlichen Austauschbeziehungen, die in der Folge verstetigt und gest\u00e4rkt werden sollen;<\/li><li>sowie die sportpolitischen Belange der Inklusion mit international agierenden Partnern zu verkn\u00fcpfen. Special Olympics 2018 in Kiel haben gezeigt wie viel positive Kraft und Integrationswirkung von derartigen, inklusiven Sportveranstaltungen ausgeht.<\/li><\/ul>\n\n\n\n<p><em><strong>Koordinator und verantwortlicher Delegationsleiter f\u00fcr das InTuS-Netzwerk<\/strong><\/em>:<br>Frank Meyer-von T\u00f6rne, Kieler Kanu-Klub von 1921 e.V..<br>Projekttr\u00e4ger ist der Verein Neue Arbeit \u2013Neue Kultur Kiel e.V.<\/p>\n\n\n\n<hr class=\"wp-block-separator\"\/>\n\n\n\n<h4 class=\"wp-block-heading\"><strong>Ohne sie h\u00e4tten wir diese Gr\u00f6\u00dfenordnung nicht geschafft:<\/strong><br><strong>Unser Dank geht an den Kieler Beirat f\u00fcr Menschen mit Behinderung (Landeshauptstadt Kiel), an das B\u00fcro des Kieler Stadtpr\u00e4sidenten, an Special Olympics Schleswig-Holstein und den Rotary Club Kiel D\u00fcsternbrook.<\/strong><br><br><\/h4>\n\n\n\n<hr class=\"wp-block-separator\"\/>\n\n\n\n<p><strong>InTuS&nbsp;<\/strong>\u2013 Kieler Netzwerk Sport&amp;Inklusion<br>Projekttr\u00e4ger: Neue Arbeit \u2013 Neue Kultur Kiel e.V. <br>c\/o Stadtteilgenossenschaft Gaarden eG <br>Elisabethstra\u00dfe 64, 24143 Kiel<\/p>\n","protected":false},"excerpt":{"rendered":"<p>Die Malm\u00f6 Open 2019 \u2013 die europaweit gr\u00f6\u00dfte inklusionssportliche Wettkampfveranstaltung Die Freude ist gro\u00df! Das&nbsp;InTuS\u2013Netzwerk ist bei den Malm\u00f6 Open 2019 mit \u00fcber 50 Athleten aus den Sparten Fu\u00dfball, Tischtennis und Wassersport vom 08. bis 10. Februar 2019 dabei: Stiftung Drachensee&nbsp;mit 10 Athletinnen und 4 Betreuern (Fu\u00dfball \/ Tischtennis), TuS Holtenau&nbsp;mit den&nbsp;KIWIS (Forum Wohnen)&nbsp;mit 11 [&hellip;]<\/p>\n","protected":false},"author":4,"featured_media":72,"comment_status":"closed","ping_status":"open","sticky":false,"template":"","format":"standard","meta":{"footnotes":""},"categories":[2,3],"tags":[],"class_list":["post-71","post","type-post","status-publish","format-standard","has-post-thumbnail","hentry","category-intus","category-intusinaktion"],"_links":{"self":[{"href":"http:\/\/intus-kiel.de\/index.php?rest_route=\/wp\/v2\/posts\/71","targetHints":{"allow":["GET"]}}],"collection":[{"href":"http:\/\/intus-kiel.de\/index.php?rest_route=\/wp\/v2\/posts"}],"about":[{"href":"http:\/\/intus-kiel.de\/index.php?rest_route=\/wp\/v2\/types\/post"}],"author":[{"embeddable":true,"href":"http:\/\/intus-kiel.de\/index.php?rest_route=\/wp\/v2\/users\/4"}],"replies":[{"embeddable":true,"href":"http:\/\/intus-kiel.de\/index.php?rest_route=%2Fwp%2Fv2%2Fcomments&post=71"}],"version-history":[{"count":0,"href":"http:\/\/intus-kiel.de\/index.php?rest_route=\/wp\/v2\/posts\/71\/revisions"}],"wp:featuredmedia":[{"embeddable":true,"href":"http:\/\/intus-kiel.de\/index.php?rest_route=\/"}],"wp:attachment":[{"href":"http:\/\/intus-kiel.de\/index.php?rest_route=%2Fwp%2Fv2%2Fmedia&parent=71"}],"wp:term":[{"taxonomy":"category","embeddable":true,"href":"http:\/\/intus-kiel.de\/index.php?rest_route=%2Fwp%2Fv2%2Fcategories&post=71"},{"taxonomy":"post_tag","embeddable":true,"href":"http:\/\/intus-kiel.de\/index.php?rest_route=%2Fwp%2Fv2%2Ftags&post=71"}],"curies":[{"name":"wp","href":"https:\/\/api.w.org\/{rel}","templated":true}]}}