{"id":78,"date":"2018-08-17T10:00:13","date_gmt":"2018-08-17T08:00:13","guid":{"rendered":"http:\/\/www.intus-sport.de\/?p=78"},"modified":"2018-08-17T10:00:13","modified_gmt":"2018-08-17T08:00:13","slug":"neuer-vorstand-gewaehlt-ausrichtung-zu-einem-inklusiven-sportverein","status":"publish","type":"post","link":"http:\/\/intus-kiel.de\/?p=78","title":{"rendered":"Neuer Vorstand gew\u00e4hlt \u2013 Ausrichtung zu einem inklusiven Sportverein"},"content":{"rendered":"\n<p>Die Jahreshauptversammlung des Vf.R. Minverva von 1921 e.V. hat einen neuen Vorstand gew\u00e4hlt. Die Neuwahl wurde notwendig, da der bisherige Vorstand seine Aktitvit\u00e4ten nahezu eingestellt hatte. Es haben sich Mitglieder gefunden, die den Verein in eine neue Zukunft f\u00fchren m\u00f6chten.<\/p>\n\n\n\n<p>Der Vorstand setzt sich jetzt wie folgt zusammen:<\/p>\n\n\n\n<p>1. Vorsitzender: Herbert Gehl<\/p>\n\n\n\n<p>2. Vorsitzender: S\u00f6nke Lintzen<\/p>\n\n\n\n<p>Kassenwart: Holger Pinnau<\/p>\n\n\n\n<p>Schriftf\u00fchrerin: Christa Gehl<\/p>\n\n\n\n<p>Beisitzer: Wolfgang Ehm, Uwe Kokelski, Andreas Schneekloth.<\/p>\n\n\n\n<p>Zu der Neuwahl erkl\u00e4ren die neuen Vorsitzenden, Herbert Gehl und S\u00f6nke Lintzen: \u201eZiel des neuen Vorstands ist es, gemeinsam mit der Landeshauptstadt Kiel, dem Netzwerk Sport &amp; Inklusion INTUS sowie weiteren Kooperationspartner den Verein strategisch so auszurichten, dass neben der Sparte Fu\u00dfball weitere sportliche Angebote f\u00fcr Menschen mit und ohne Behinderungen etabliert werden. Bis zum 100-j\u00e4hrigen Vereinsjubil\u00e4um im Jahre 2021 wollen wir dieses Ziel erreichen.\u201c<\/p>\n\n\n\n<div class=\"wp-block-image\"><figure class=\"alignleft is-resized\"><img loading=\"lazy\" decoding=\"async\" src=\"http:\/\/intus-kiel.de\/wp-content\/uploads\/2018\/09\/Vorstand_neu_Minerva_-1024x724.png\" alt=\"\" class=\"wp-image-298\" width=\"578\" height=\"408\"\/><\/figure><\/div>\n\n\n\n<p>Zur Geschichte des Vereins<\/p>\n\n\n\n<p>Vier junge M\u00e4nner ergriffen 1921 im Stadtteil Hassee die Initiative, in einer nicht gerade sportfreudigen Zeit einen Fu\u00dfballverein zu gr\u00fcnden. Ihrer handwerklichen Berufe wegen kamen sie schnell zu dem Entschluss, die in der r\u00f6mischen Mythologie auch als \u201eG\u00f6ttin des Handwerks\u201c bezeichnete \u201eMinerva\u201c als Vereinsnamen zu verwenden. In den ersten Jahren wurde auf dem damaligen Exerzierplatz, sp\u00e4ter zusammen mit dem THW auf dem Wulfsbrook gespielt. 1933 unterlag der V.f.R. Minerva der Verbotsregelung f\u00fcr Arbeitssportvereine. Die damals Vereinsverantwortlichen weigerten sich strikt, eine strukturelle Umorganisation zu akzeptieren. Daraufhin wurde der Verein verboten. Gleich nach Kriegsende 1945 wurde der Verein wieder ins Leben gerufen. Mittel aus dem \u201eWiedergut-Machungsprogramm\u201c und ein anfangs \u201enur\u201c in Selbsthilfe gebautes Fundament f\u00fchrten schlie\u00dflich nach f\u00fcnf Jahren dazu, dass der V.f.R. Minerva aus einer ehemaligen Kiesgrube ein Vereinsgel\u00e4nde mit Sportplatz und Vereinsheim am Wasserwerk in Schulensee fertigstellen und 1950 in Betrieb nehmen konnte. Die Stiftung Drachensee ist mittlerweile Ebbaurechtsnehmerin des Platzes. Der Freizeitclub Fu\u00dfball der Stiftung Drachensee ist seit 1975 mit seinen Mitgliedern fester Bestandteil des Vereins und engagiert sich jetzt auch in der Weiterentwicklung zu einem inklusiven Sportverein.<\/p>\n\n\n\n<p><strong>Ansprechpartner bei Fragen<\/strong><\/p>\n\n\n\n<p>S\u00f6nke Lintzen<br>2. Vorsitzender V.f.R. Minerva von 1921<br>Teichstra\u00dfe 8<\/p>\n\n\n\n<p>24103 Kiel<\/p>\n\n\n\n<p>Telefon:&nbsp;0152 02057280<\/p>\n","protected":false},"excerpt":{"rendered":"<p>Die Jahreshauptversammlung des Vf.R. Minverva von 1921 e.V. hat einen neuen Vorstand gew\u00e4hlt. Die Neuwahl wurde notwendig, da der bisherige Vorstand seine Aktitvit\u00e4ten nahezu eingestellt hatte. Es haben sich Mitglieder gefunden, die den Verein in eine neue Zukunft f\u00fchren m\u00f6chten. Der Vorstand setzt sich jetzt wie folgt zusammen: 1. Vorsitzender: Herbert Gehl 2. Vorsitzender: S\u00f6nke [&hellip;]<\/p>\n","protected":false},"author":3,"featured_media":0,"comment_status":"closed","ping_status":"open","sticky":false,"template":"","format":"standard","meta":{"footnotes":""},"categories":[6],"tags":[],"class_list":["post-78","post","type-post","status-publish","format-standard","hentry","category-intuspartner"],"_links":{"self":[{"href":"http:\/\/intus-kiel.de\/index.php?rest_route=\/wp\/v2\/posts\/78","targetHints":{"allow":["GET"]}}],"collection":[{"href":"http:\/\/intus-kiel.de\/index.php?rest_route=\/wp\/v2\/posts"}],"about":[{"href":"http:\/\/intus-kiel.de\/index.php?rest_route=\/wp\/v2\/types\/post"}],"author":[{"embeddable":true,"href":"http:\/\/intus-kiel.de\/index.php?rest_route=\/wp\/v2\/users\/3"}],"replies":[{"embeddable":true,"href":"http:\/\/intus-kiel.de\/index.php?rest_route=%2Fwp%2Fv2%2Fcomments&post=78"}],"version-history":[{"count":0,"href":"http:\/\/intus-kiel.de\/index.php?rest_route=\/wp\/v2\/posts\/78\/revisions"}],"wp:attachment":[{"href":"http:\/\/intus-kiel.de\/index.php?rest_route=%2Fwp%2Fv2%2Fmedia&parent=78"}],"wp:term":[{"taxonomy":"category","embeddable":true,"href":"http:\/\/intus-kiel.de\/index.php?rest_route=%2Fwp%2Fv2%2Fcategories&post=78"},{"taxonomy":"post_tag","embeddable":true,"href":"http:\/\/intus-kiel.de\/index.php?rest_route=%2Fwp%2Fv2%2Ftags&post=78"}],"curies":[{"name":"wp","href":"https:\/\/api.w.org\/{rel}","templated":true}]}}