{"id":781,"date":"2024-01-10T11:14:59","date_gmt":"2024-01-10T10:14:59","guid":{"rendered":"http:\/\/www.intus-sport.de\/?p=781"},"modified":"2026-02-05T16:20:33","modified_gmt":"2026-02-05T16:20:33","slug":"einmaliges-angebot-fuer-familien-mit-einem-kind-mit-behinderung-lvkm-sh","status":"publish","type":"post","link":"http:\/\/intus-kiel.de\/?p=781","title":{"rendered":"Einmaliges Angebot f\u00fcr Familien mit einem Kind mit Behinderung, lvkm-sh"},"content":{"rendered":"<div class=\"postie-post\">Familienseminar 2024 \u2013 Eltern st\u00e4rken, Kinder f\u00f6rdern \u2013 Anmeldeschluss 31.01.2024!<br \/>\nSehr geehrte Damen und Herren,<br \/>\nf\u00fcr 20 Familien aus Schleswig-Holstein mit einem Kind mit Behinderung und deren Geschwister bietet der Landesverband f\u00fcr k\u00f6rper- und mehrfachbehinderte Menschen Schleswig-Holstein e.V. (lvkm-sh) jedes Jahr etwas ganz Besonderes an: Eine Woche Auszeit, Austausch und Aufsatteln von Wissenswertem, was man f\u00fcr das Leben mit einem Kind mit Behinderung wissen sollte und f\u00fcr den Alltag gut gebrauchen kann!<br \/>\nDas Familienseminar bietet den Eltern wichtige Informationen zum Thema \u201aLeben mit einem Kind mit Behinderung\u2018. Sie werden darin gest\u00e4rkt, ihren anspruchsvollen Alltag mit einem Kind mit Behinderung selbstbestimmt und eigenverantwortlich zu gestalten. Workshops und Gespr\u00e4chskreise f\u00f6rdern den achtsamen Umgang mit den eigenen Ressourcen und sch\u00fctzen so vor einer m\u00f6glichen \u00dcberlastung.<br \/>\nW\u00e4hrend die Eltern die t\u00e4glich stattfindenden Seminarangebote wahrnehmen, werden die Kinder von erfahrenen Fachkr\u00e4ften betreut. Der verl\u00e4ssliche Betreuungsrahmen bietet M\u00fcttern und V\u00e4tern die notwendige Entlastung, um das reichhaltige Programm des Seminars wahrnehmen zu k\u00f6nnen.<br \/>\nDas Familienseminar findet von Freitag, 19.07. \u2013 Freitag, 26.07.2024 in der Jugendherberge Nieb\u00fcll statt. Das Platzangebot ist begrenzt. Anmeldeschluss ist der 31.01.2024!<br \/>\nDie Anmeldung ist jetzt online \u00fcber das  Anmeldeformular<<a href=\"https:\/\/www.lvkm-sh.de\/termin\/familienseminar\">www.lvkm-sh.de\/termin\/familienseminar<\/a>> f\u00fcr das Familienseminar 2024 m\u00f6glich! Weitere Informationen gibt es unter Familienseminar 2024<<a href=\"https:\/\/www.lvkm-sh.de\/angebote\/familienseminar\">www.lvkm-sh.de\/angebote\/familienseminar<\/a>>.<br \/>\nWir w\u00fcrden uns sehr freuen, wenn Sie die Informationen zum Familienseminar an interessierte Familien aus Schleswig-Holstein weiterleiten. Vielen Dank!<br \/>\nMit freundlichen Gr\u00fc\u00dfen<br \/>\nMiriam Hornung (Projektleitung)<\/p>\n<p>[logo_LVKM_rgb]<br \/>\nLandesverband f\u00fcr k\u00f6rper- und mehrfachbehinderte Menschen Schleswig-Holstein e.V. Boninstr. 3-7 \u2219 24114 Kiel Tel.: 0431|90 88 99 17 \u2219 Fax: 0431|90 88 99 16 <a href=\"http:\/\/www.lvkm-sh.de\">www.lvkm-sh.de<\/a><<a href=\"http:\/\/www.lvkm-sh.de\/\">www.lvkm-sh.de\/<\/a>><br \/>\nAmtsgericht Kiel, VR 2136 KI Vorstand: Achim B\u00f6lsch (Vorsitz) Sandra Gna\u00df (stellv. Vorsitz)<\/p>\n<div class=\"postie-attachments\"><a href=\"http:\/\/intus-kiel.de\/httpdocs\/?attachment_id=782\"><img decoding=\"async\" src=\"http:\/\/intus-kiel.de\/httpdocs\/wp-content\/uploads\/2024\/01\/image001-1.jpg\" alt=\"\" width=\"180px\" height=\"51px\" class=\"alignnone size-medium wp-image-782\" \/><\/a><\/div>\n<\/div>\n","protected":false},"excerpt":{"rendered":"<p>Familienseminar 2024 \u2013 Eltern st\u00e4rken, Kinder f\u00f6rdern \u2013 Anmeldeschluss 31.01.2024! Sehr geehrte Damen und Herren, f\u00fcr 20 Familien aus Schleswig-Holstein mit einem Kind mit Behinderung und deren Geschwister bietet der Landesverband f\u00fcr k\u00f6rper- und mehrfachbehinderte Menschen Schleswig-Holstein e.V. (lvkm-sh) jedes Jahr etwas ganz Besonderes an: Eine Woche Auszeit, Austausch und Aufsatteln von Wissenswertem, was man [&hellip;]<\/p>\n","protected":false},"author":4,"featured_media":0,"comment_status":"closed","ping_status":"open","sticky":false,"template":"","format":"standard","meta":{"footnotes":""},"categories":[6],"tags":[],"class_list":["post-781","post","type-post","status-publish","format-standard","hentry","category-intuspartner"],"_links":{"self":[{"href":"http:\/\/intus-kiel.de\/index.php?rest_route=\/wp\/v2\/posts\/781","targetHints":{"allow":["GET"]}}],"collection":[{"href":"http:\/\/intus-kiel.de\/index.php?rest_route=\/wp\/v2\/posts"}],"about":[{"href":"http:\/\/intus-kiel.de\/index.php?rest_route=\/wp\/v2\/types\/post"}],"author":[{"embeddable":true,"href":"http:\/\/intus-kiel.de\/index.php?rest_route=\/wp\/v2\/users\/4"}],"replies":[{"embeddable":true,"href":"http:\/\/intus-kiel.de\/index.php?rest_route=%2Fwp%2Fv2%2Fcomments&post=781"}],"version-history":[{"count":1,"href":"http:\/\/intus-kiel.de\/index.php?rest_route=\/wp\/v2\/posts\/781\/revisions"}],"predecessor-version":[{"id":1093,"href":"http:\/\/intus-kiel.de\/index.php?rest_route=\/wp\/v2\/posts\/781\/revisions\/1093"}],"wp:attachment":[{"href":"http:\/\/intus-kiel.de\/index.php?rest_route=%2Fwp%2Fv2%2Fmedia&parent=781"}],"wp:term":[{"taxonomy":"category","embeddable":true,"href":"http:\/\/intus-kiel.de\/index.php?rest_route=%2Fwp%2Fv2%2Fcategories&post=781"},{"taxonomy":"post_tag","embeddable":true,"href":"http:\/\/intus-kiel.de\/index.php?rest_route=%2Fwp%2Fv2%2Ftags&post=781"}],"curies":[{"name":"wp","href":"https:\/\/api.w.org\/{rel}","templated":true}]}}