{"id":800,"date":"2024-06-11T18:00:00","date_gmt":"2024-06-11T16:00:00","guid":{"rendered":"http:\/\/www.intus-sport.de\/?p=800"},"modified":"2024-06-11T18:00:00","modified_gmt":"2024-06-11T16:00:00","slug":"20-jahre-nordbretter","status":"publish","type":"post","link":"http:\/\/intus-kiel.de\/?p=800","title":{"rendered":"20 Jahre nordbretter"},"content":{"rendered":"\n<figure class=\"wp-block-image size-large\"><img decoding=\"async\" src=\"http:\/\/intus-kiel.de\/httpdocs\/wp-content\/uploads\/2024\/06\/Bildschirmfoto-2024-06-16-um-20.54.09-1024x632.png\" alt=\"\" class=\"wp-image-801\"\/><\/figure>\n\n\n\n<p>20 Jahre integratives Theater&nbsp;<strong>nordbretter<\/strong>&nbsp;wollen wir dieses Jahr geb\u00fchrend feiern. Unsere nordbretter starten ihre Jubil\u00e4umsrunde 2024 am 29.06. und 30.06. im&nbsp;Theater im Werftpark.<\/p>\n\n\n\n<p>Wir sind hocherfreut, dass unsere theatralen Kooperationspartner aus unserer Partnerstadt Aarhus am 01.07.&nbsp;um 18:00 Uhr im Kieler Ratssaal auftreten werden. Unsere Stadtpr\u00e4sidentin wird die d\u00e4nische&nbsp;Theatergruppe De Splittergale begr\u00fc\u00dfen.&nbsp;<\/p>\n\n\n\n<p>Am Tag darauf (2.07.2024) treten die nordbretter und De Splittergale im Theater im Werftpark noch einmal gemeinsam auf.&nbsp;<\/p>\n\n\n\n<p>Wir freuen uns auf den Start der neuen Theaterauff\u00fchrungen. Mit der Zusammenarbeit nordbretter\/De Splittergale und der Unterst\u00fctzung durch das B\u00fcro der Stadtpr\u00e4sidentin ist der erste Schritt gelungen, k\u00fcnftig eine Kooperation mit integrativen Theatern unserer Partnerst\u00e4dte Aarhus, Gdynia und Vaasa unter dem Titel &#8222;baltic theaters without borders&#8220; zu realisieren.&nbsp;<\/p>\n\n\n\n<p>Der Kartenverkauf f\u00fcr die nordbretter Auff\u00fchrungen erfolgt \u00fcber das&nbsp;Theater Kiel (<a href=\"https:\/\/theater-kiel.eventim-inhouse.de\/webshop\/webticket\/eventlist?production=139\">https:\/\/theater-kiel.eventim-inhouse.de\/webshop\/webticket\/eventlist?production=139<\/a>) oder an der Abendkasse im Theater im Werftpark.<\/p>\n\n\n\n<p>Der Eintritt f\u00fcr die Auff\u00fchrung von de splittergale am 01.07. um 18:00 im Ratssaal&nbsp;ist&nbsp;frei &#8211; um eine Spende wird gebeten.<\/p>\n\n\n\n<p>Wir w\u00fcrden uns \u00fcber Ihr Interesse freuen und bitten Sie, wenn m\u00f6glich, unsere Aushangdatei und unseren Flyer Ihrem&nbsp;Kolleginnen- und Kollegenkreis zug\u00e4nglich zu machen.&nbsp;<\/p>\n\n\n\n<p>Herzlichen Dank und freundliche&nbsp; Gr\u00fc\u00dfe<\/p>\n\n\n\n<p>Gerd Neuner<\/p>\n\n\n\n<p>Peter Dohse<\/p>\n\n\n\n<p>Organisatorische Leitung nordbretter<\/p>\n\n\n\n<p><strong>Tr\u00e4gerverein f\u00fcr nordbretter &#8211; integratives Theater Kiel<\/strong><\/p>\n\n\n\n<p><img decoding=\"async\" src=\"blob:http:\/\/www.intus-sport.de\/992622b4-3531-49ec-a5e0-ecb65dbf7de2\" alt=\"\">&nbsp;Kiel e.V.<\/p>\n\n\n\n<p><a href=\"http:\/\/www.neue-arbeit-kiel.de\/\">www.neue-arbeit-kiel.de<\/a>&nbsp;<\/p>\n\n\n\n<p><a href=\"http:\/\/www.nordbretter.de\/\">www.nordbretter.de<\/a><\/p>\n\n\n\n<p><a href=\"http:\/\/intus-kiel.de\/httpdocs\/\">intus-kiel.de\/httpdocs\/<\/a><\/p>\n\n\n\n<p><a href=\"http:\/\/www.includo-festival.com\/\">www.includo-festival.com<\/a><\/p>\n\n\n\n<div data-wp-interactive=\"core\/file\" class=\"wp-block-file\"><object data-wp-bind--hidden=\"!state.hasPdfPreview\" hidden class=\"wp-block-file__embed\" data=\"http:\/\/intus-kiel.de\/httpdocs\/wp-content\/uploads\/2024\/06\/Plakat-nordbretter_Mai2024-1.pdf\" type=\"application\/pdf\" style=\"width:100%;height:1200px\" aria-label=\"Einbettung von Plakat-nordbretter_Mai2024.\"><\/object><a id=\"wp-block-file--media-96a768fe-774b-4bf6-85e2-598a2794b533\" href=\"http:\/\/intus-kiel.de\/httpdocs\/wp-content\/uploads\/2024\/06\/Plakat-nordbretter_Mai2024-1.pdf\">Plakat-nordbretter_Mai2024<\/a><a href=\"http:\/\/intus-kiel.de\/httpdocs\/wp-content\/uploads\/2024\/06\/Plakat-nordbretter_Mai2024-1.pdf\" class=\"wp-block-file__button wp-element-button\" download aria-describedby=\"wp-block-file--media-96a768fe-774b-4bf6-85e2-598a2794b533\">Herunterladen<\/a><\/div>\n\n\n\n<div data-wp-interactive=\"core\/file\" class=\"wp-block-file\"><object data-wp-bind--hidden=\"!state.hasPdfPreview\" hidden class=\"wp-block-file__embed\" data=\"http:\/\/intus-kiel.de\/httpdocs\/wp-content\/uploads\/2024\/06\/24-xxxxx-Einladung-De-Splittergale-_-15x15-_-VSfin-1-1.pdf\" type=\"application\/pdf\" style=\"width:100%;height:1200px\" aria-label=\"Einbettung von 24-xxxxx-Einladung-De-Splittergale-_-15x15-_-VSfin-1.\"><\/object><a id=\"wp-block-file--media-120f83b7-38be-45b8-a8e1-963391903e5d\" href=\"http:\/\/intus-kiel.de\/httpdocs\/wp-content\/uploads\/2024\/06\/24-xxxxx-Einladung-De-Splittergale-_-15x15-_-VSfin-1-1.pdf\">24-xxxxx-Einladung-De-Splittergale-_-15&#215;15-_-VSfin-1<\/a><a href=\"http:\/\/intus-kiel.de\/httpdocs\/wp-content\/uploads\/2024\/06\/24-xxxxx-Einladung-De-Splittergale-_-15x15-_-VSfin-1-1.pdf\" class=\"wp-block-file__button wp-element-button\" download aria-describedby=\"wp-block-file--media-120f83b7-38be-45b8-a8e1-963391903e5d\">Herunterladen<\/a><\/div>\n","protected":false},"excerpt":{"rendered":"<p>20 Jahre integratives Theater&nbsp;nordbretter&nbsp;wollen wir dieses Jahr geb\u00fchrend feiern. Unsere nordbretter starten ihre Jubil\u00e4umsrunde 2024 am 29.06. und 30.06. im&nbsp;Theater im Werftpark. Wir sind hocherfreut, dass unsere theatralen Kooperationspartner aus unserer Partnerstadt Aarhus am 01.07.&nbsp;um 18:00 Uhr im Kieler Ratssaal auftreten werden. Unsere Stadtpr\u00e4sidentin wird die d\u00e4nische&nbsp;Theatergruppe De Splittergale begr\u00fc\u00dfen.&nbsp; Am Tag darauf (2.07.2024) treten [&hellip;]<\/p>\n","protected":false},"author":4,"featured_media":0,"comment_status":"closed","ping_status":"closed","sticky":false,"template":"","format":"standard","meta":{"footnotes":""},"categories":[6],"tags":[],"class_list":["post-800","post","type-post","status-publish","format-standard","hentry","category-intuspartner"],"_links":{"self":[{"href":"http:\/\/intus-kiel.de\/index.php?rest_route=\/wp\/v2\/posts\/800","targetHints":{"allow":["GET"]}}],"collection":[{"href":"http:\/\/intus-kiel.de\/index.php?rest_route=\/wp\/v2\/posts"}],"about":[{"href":"http:\/\/intus-kiel.de\/index.php?rest_route=\/wp\/v2\/types\/post"}],"author":[{"embeddable":true,"href":"http:\/\/intus-kiel.de\/index.php?rest_route=\/wp\/v2\/users\/4"}],"replies":[{"embeddable":true,"href":"http:\/\/intus-kiel.de\/index.php?rest_route=%2Fwp%2Fv2%2Fcomments&post=800"}],"version-history":[{"count":1,"href":"http:\/\/intus-kiel.de\/index.php?rest_route=\/wp\/v2\/posts\/800\/revisions"}],"predecessor-version":[{"id":1091,"href":"http:\/\/intus-kiel.de\/index.php?rest_route=\/wp\/v2\/posts\/800\/revisions\/1091"}],"wp:attachment":[{"href":"http:\/\/intus-kiel.de\/index.php?rest_route=%2Fwp%2Fv2%2Fmedia&parent=800"}],"wp:term":[{"taxonomy":"category","embeddable":true,"href":"http:\/\/intus-kiel.de\/index.php?rest_route=%2Fwp%2Fv2%2Fcategories&post=800"},{"taxonomy":"post_tag","embeddable":true,"href":"http:\/\/intus-kiel.de\/index.php?rest_route=%2Fwp%2Fv2%2Ftags&post=800"}],"curies":[{"name":"wp","href":"https:\/\/api.w.org\/{rel}","templated":true}]}}